{"id":23229,"date":"2026-08-30T05:27:15","date_gmt":"2026-08-30T03:27:15","guid":{"rendered":"https:\/\/www.ister.at\/Ister1\/?p=23229"},"modified":"2026-08-30T05:32:43","modified_gmt":"2026-08-30T03:32:43","slug":"der-wind-sind-unsere-berge-starke-wm-leistung-von-mohamed-kota","status":"publish","type":"post","link":"https:\/\/www.ister.at\/Ister1\/?p=23229","title":{"rendered":"\u201eDer Wind sind unsere Berge\u201c \u2013 starke WM-Leistung von Mohamed Kota"},"content":{"rendered":"<div class=\"love\"><input  id=\"post_23229\" type=\"checkbox\" class=\"LoveCheck\"\/>\n                <label for=\"post_23229\" class=\"dashicons dashicons-heart LoveLabel\" aria-label=\"like this\"><\/label><span class=\"LoveCount\">0<\/span><\/div><!--\/love-->\n<p class=\"has-text-align-right wp-block-paragraph\"><strong>Bericht: Marianne Brandstettner<\/strong><\/p>\n\n\n\n<p class=\"wp-block-paragraph\">\u201eDer Wind sind unsere Berge.\u201c Auf dem Bosbaan in Amsterdam hat sich diese Aussage einmal mehr bewahrheitet. Mal Gegenwind, mal R\u00fcckenwind und immer wieder wechselnde Bedingungen verlangten den Athletinnen und Athleten bei den World Rowing Championships 2026 einiges ab.<\/p>\n\n\n\n<p class=\"wp-block-paragraph\"><br>Mitten im internationalen Starterfeld: unser Isterianer Mohamed Kota. Er ging im Leichtgewichts-Einer f\u00fcr \u00c4gypten an den Start, trainiert jedoch seit fast einem Jahr unter Top-Bedingungen in Ottensheim und am Linzer Winterhafen. Und diese Vorbereitung machte sich bezahlt.<\/p>\n\n\n\n<p class=\"wp-block-paragraph\"><br>Mohamed qualifizierte sich f\u00fcr das Semifinale. Auch wenn er sich dort nat\u00fcrlich den Einzug ins A-Finale gew\u00fcnscht h\u00e4tte, war die WM damit noch lange nicht vorbei. Im B-Finale sorgte er noch einmal f\u00fcr ein echtes Nervenrennen: \u00dcber die ersten 1.500 Meter f\u00fchrte er das Feld an und hielt die Konkurrenz hinter sich. Erst auf den letzten Metern musste er die Boote aus Argentinien und Tunesien sowie seinen Trainingspartner und Wiking-Linz-Ruderer Konrad Hultsch noch vorbeiziehen lassen. Am Ende belegte Mohamed den 4. Platz im B-Finale \u2013 und damit Rang 10 bei dieser Weltmeisterschaft.<\/p>\n\n\n<div class=\"wp-block-image\">\n<figure class=\"aligncenter size-large is-resized\"><a href=\"https:\/\/www.ister.at\/Ister1\/wp-content\/uploads\/2026\/08\/WhatsApp-Image-2026-08-29-at-11.43.24.jpeg\" rel=\"lightbox[23229]\"><img loading=\"lazy\" decoding=\"async\" width=\"768\" height=\"1024\" src=\"https:\/\/www.ister.at\/Ister1\/wp-content\/uploads\/2026\/08\/WhatsApp-Image-2026-08-29-at-11.43.24-768x1024.jpeg\" alt=\"\" class=\"wp-image-23233\" style=\"aspect-ratio:0.750007629627369;width:529px;height:auto\" srcset=\"https:\/\/www.ister.at\/Ister1\/wp-content\/uploads\/2026\/08\/WhatsApp-Image-2026-08-29-at-11.43.24-768x1024.jpeg 768w, https:\/\/www.ister.at\/Ister1\/wp-content\/uploads\/2026\/08\/WhatsApp-Image-2026-08-29-at-11.43.24-225x300.jpeg 225w, https:\/\/www.ister.at\/Ister1\/wp-content\/uploads\/2026\/08\/WhatsApp-Image-2026-08-29-at-11.43.24-1152x1536.jpeg 1152w, https:\/\/www.ister.at\/Ister1\/wp-content\/uploads\/2026\/08\/WhatsApp-Image-2026-08-29-at-11.43.24.jpeg 1200w\" sizes=\"auto, (max-width: 768px) 100vw, 768px\" \/><\/a><figcaption class=\"wp-element-caption\">Mohamed (EGY\/IST) &amp; Konrad (AUT\/WLI)<\/figcaption><\/figure>\n<\/div>\n\n\n<p class=\"wp-block-paragraph\">Eine starke Leistung auf internationaler B\u00fchne, auf die auch wir als Verein stolz sein k\u00f6nnen!<br>Auch abseits der Rennen war die WM am traditionsreichen Bosbaan ein besonderes Erlebnis. Spannende Rennen, die unmittelbare N\u00e4he zu den Athletinnen und Athleten und die internationale Atmosph\u00e4re entlang der Strecke sorgten f\u00fcr echtes WM-Feeling und G\u00e4nsehautmomente.<\/p>\n\n\n\n<p class=\"wp-block-paragraph\"><br>Viel Zeit zum Durchschnaufen bleibt Mohamed allerdings nicht: F\u00fcr ihn geht es bereits in Tarent bei den Mittelmeerspielen weiter. Dort hei\u00dft es also gleich wieder: volle Konzentration, ab ins Boot und alles geben.<br>Gratulation zur starken WM und viel Erfolg in Tarent, Mohamed!<\/p>\n\n\n<div class=\"wp-block-image\">\n<figure class=\"aligncenter size-large is-resized\"><a href=\"https:\/\/www.ister.at\/Ister1\/wp-content\/uploads\/2026\/08\/WhatsApp-Image-2026-08-29-at-11.43.24-3.jpeg\" rel=\"lightbox[23229]\"><img loading=\"lazy\" decoding=\"async\" width=\"768\" height=\"1024\" src=\"https:\/\/www.ister.at\/Ister1\/wp-content\/uploads\/2026\/08\/WhatsApp-Image-2026-08-29-at-11.43.24-3-768x1024-1.jpeg\" alt=\"\" class=\"wp-image-23234\" style=\"aspect-ratio:0.750007629627369;width:358px;height:auto\" srcset=\"https:\/\/www.ister.at\/Ister1\/wp-content\/uploads\/2026\/08\/WhatsApp-Image-2026-08-29-at-11.43.24-3-768x1024-1.jpeg 768w, https:\/\/www.ister.at\/Ister1\/wp-content\/uploads\/2026\/08\/WhatsApp-Image-2026-08-29-at-11.43.24-3-225x300.jpeg 225w, https:\/\/www.ister.at\/Ister1\/wp-content\/uploads\/2026\/08\/WhatsApp-Image-2026-08-29-at-11.43.24-3-1152x1536.jpeg 1152w, https:\/\/www.ister.at\/Ister1\/wp-content\/uploads\/2026\/08\/WhatsApp-Image-2026-08-29-at-11.43.24-3.jpeg 1200w\" sizes=\"auto, (max-width: 768px) 100vw, 768px\" \/><\/a><figcaption class=\"wp-element-caption\">Mohamed &amp; Marianne<\/figcaption><\/figure>\n<\/div>\n\n\n<p class=\"wp-block-paragraph\">Fotos: World Rowing &amp; M.B. privat<\/p>\n<div class=\"love\"><input  id=\"post_23229\" type=\"checkbox\" class=\"LoveCheck\"\/>\n                <label for=\"post_23229\" class=\"dashicons dashicons-heart LoveLabel\" aria-label=\"like this\"><\/label><span class=\"LoveCount\">0<\/span><\/div><!--\/love-->","protected":false},"excerpt":{"rendered":"<p>0 Bericht: Marianne Brandstettner \u201eDer Wind sind unsere Berge.\u201c Auf dem Bosbaan in Amsterdam hat sich diese Aussage einmal mehr bewahrheitet. Mal Gegenwind, mal R\u00fcckenwind und immer wieder wechselnde Bedingungen verlangten den Athletinnen und Athleten[&#8230;]<\/p>\n","protected":false},"author":3,"featured_media":23232,"comment_status":"open","ping_status":"open","sticky":false,"template":"","format":"standard","meta":{"_monsterinsights_skip_tracking":false,"footnotes":""},"categories":[4],"tags":[72],"class_list":["post-23229","post","type-post","status-publish","format-standard","has-post-thumbnail","hentry","category-rennsport","tag-weltnesterschaft"],"_links":{"self":[{"href":"https:\/\/www.ister.at\/Ister1\/index.php?rest_route=\/wp\/v2\/posts\/23229","targetHints":{"allow":["GET"]}}],"collection":[{"href":"https:\/\/www.ister.at\/Ister1\/index.php?rest_route=\/wp\/v2\/posts"}],"about":[{"href":"https:\/\/www.ister.at\/Ister1\/index.php?rest_route=\/wp\/v2\/types\/post"}],"author":[{"embeddable":true,"href":"https:\/\/www.ister.at\/Ister1\/index.php?rest_route=\/wp\/v2\/users\/3"}],"replies":[{"embeddable":true,"href":"https:\/\/www.ister.at\/Ister1\/index.php?rest_route=%2Fwp%2Fv2%2Fcomments&post=23229"}],"version-history":[{"count":7,"href":"https:\/\/www.ister.at\/Ister1\/index.php?rest_route=\/wp\/v2\/posts\/23229\/revisions"}],"predecessor-version":[{"id":23242,"href":"https:\/\/www.ister.at\/Ister1\/index.php?rest_route=\/wp\/v2\/posts\/23229\/revisions\/23242"}],"wp:featuredmedia":[{"embeddable":true,"href":"https:\/\/www.ister.at\/Ister1\/index.php?rest_route=\/wp\/v2\/media\/23232"}],"wp:attachment":[{"href":"https:\/\/www.ister.at\/Ister1\/index.php?rest_route=%2Fwp%2Fv2%2Fmedia&parent=23229"}],"wp:term":[{"taxonomy":"category","embeddable":true,"href":"https:\/\/www.ister.at\/Ister1\/index.php?rest_route=%2Fwp%2Fv2%2Fcategories&post=23229"},{"taxonomy":"post_tag","embeddable":true,"href":"https:\/\/www.ister.at\/Ister1\/index.php?rest_route=%2Fwp%2Fv2%2Ftags&post=23229"}],"curies":[{"name":"wp","href":"https:\/\/api.w.org\/{rel}","templated":true}]}}