{"id":22766,"date":"2026-05-01T21:41:30","date_gmt":"2026-05-01T19:41:30","guid":{"rendered":"https:\/\/www.ister.at\/Ister1\/?p=22766"},"modified":"2026-05-01T21:41:32","modified_gmt":"2026-05-01T19:41:32","slug":"bled-2026-traumkulisse-tolle-ergebnisse","status":"publish","type":"post","link":"https:\/\/www.ister.at\/Ister1\/?p=22766","title":{"rendered":"Bled 2026: Traumkulisse, tolle Ergebnisse"},"content":{"rendered":"<div class=\"love\"><input  id=\"post_22766\" type=\"checkbox\" class=\"LoveCheck\"\/>\n                <label for=\"post_22766\" class=\"dashicons dashicons-heart LoveLabel\" aria-label=\"like this\"><\/label><span class=\"LoveCount\">0<\/span><\/div><!--\/love-->\n<p>Bericht: Jeff Campbell<br>Fotos: Jeffrey Campbell, Lorcan Lindner<\/p>\n\n\n\n<p>Am letzten April-Wochenende fand in Bled, Slowenien, die Alpe Adria Regatta 2026 statt. Es war nicht nur eine perfekte Gelegenheit, die sch\u00f6ne Umgebung zu bestaunen, sondern auch f\u00fcr unsere Sportler*innen eine M\u00f6glichkeit, die internationale Konkurrenzf\u00e4higkeit einiger neueren Gro\u00dfbootskonstellationen auszuprobieren. Die Ergebnisse waren weitgehend erfreulich; sowohl schon in Zagreb erprobte Boote als auch neue haben sauber gek\u00e4mpt und einige Stockerlpl\u00e4tze gesichert. <\/p>\n\n\n\n<p>Im U17-Bereich gingen David Aigner, Moritz Ganh\u00f6r, Vinzent Hack, und Nadine Pesl am start, alle mehrmals und mit starke Leistungen. David wurde Sonntag 10. im stark besetzten 1x-Rennen, und Moritz 9. am Samstag. In einer Renngemeinschaft mit RC Wels konnte Moritz auch eine Silbermedaille holen im Doppelzweier. Nadine holte Bronze im 8+ mit einer bunten ober\u00f6sterreichischen Renngemeinschaft und platzierte 5. im 4x. Vinni holte zwei Mal Gold: einmal im Doppelzweier mit Benedek M\u00fcnch (WSV Ottensheim) und im Quad am Sonntag mit einem deutlichen Vorsprung gegen die deutlich gr\u00f6\u00dferen U-19-Sportler aus Slowenien. <\/p>\n\n\n\n<figure class=\"wp-block-gallery has-nested-images columns-default is-cropped wp-block-gallery-1 is-layout-flex wp-block-gallery-is-layout-flex\">\n<figure class=\"wp-block-image size-large\"><a href=\"https:\/\/www.ister.at\/Ister1\/wp-content\/uploads\/2026\/05\/WhatsApp-Image-2026-05-01-at-14.58.44-2-scaled.jpeg\" rel=\"lightbox[22766]\"><img loading=\"lazy\" decoding=\"async\" width=\"1024\" height=\"768\" data-id=\"22779\" src=\"https:\/\/www.ister.at\/Ister1\/wp-content\/uploads\/2026\/05\/WhatsApp-Image-2026-05-01-at-14.58.44-2-1024x768.jpeg\" alt=\"\" class=\"wp-image-22779\" srcset=\"https:\/\/www.ister.at\/Ister1\/wp-content\/uploads\/2026\/05\/WhatsApp-Image-2026-05-01-at-14.58.44-2-1024x768.jpeg 1024w, https:\/\/www.ister.at\/Ister1\/wp-content\/uploads\/2026\/05\/WhatsApp-Image-2026-05-01-at-14.58.44-2-300x225.jpeg 300w, https:\/\/www.ister.at\/Ister1\/wp-content\/uploads\/2026\/05\/WhatsApp-Image-2026-05-01-at-14.58.44-2-768x576.jpeg 768w, https:\/\/www.ister.at\/Ister1\/wp-content\/uploads\/2026\/05\/WhatsApp-Image-2026-05-01-at-14.58.44-2-1536x1152.jpeg 1536w, https:\/\/www.ister.at\/Ister1\/wp-content\/uploads\/2026\/05\/WhatsApp-Image-2026-05-01-at-14.58.44-2-2048x1536.jpeg 2048w, https:\/\/www.ister.at\/Ister1\/wp-content\/uploads\/2026\/05\/WhatsApp-Image-2026-05-01-at-14.58.44-2-160x120.jpeg 160w\" sizes=\"auto, (max-width: 1024px) 100vw, 1024px\" \/><\/a><\/figure>\n\n\n\n<figure class=\"wp-block-image size-large\"><a href=\"https:\/\/www.ister.at\/Ister1\/wp-content\/uploads\/2026\/05\/WhatsApp-Image-2026-05-01-at-14.58.50-1-1-scaled.jpeg\" rel=\"lightbox[22766]\"><img loading=\"lazy\" decoding=\"async\" width=\"1024\" height=\"768\" data-id=\"22775\" src=\"https:\/\/www.ister.at\/Ister1\/wp-content\/uploads\/2026\/05\/WhatsApp-Image-2026-05-01-at-14.58.50-1-1-1024x768.jpeg\" alt=\"\" class=\"wp-image-22775\" srcset=\"https:\/\/www.ister.at\/Ister1\/wp-content\/uploads\/2026\/05\/WhatsApp-Image-2026-05-01-at-14.58.50-1-1-1024x768.jpeg 1024w, https:\/\/www.ister.at\/Ister1\/wp-content\/uploads\/2026\/05\/WhatsApp-Image-2026-05-01-at-14.58.50-1-1-300x225.jpeg 300w, https:\/\/www.ister.at\/Ister1\/wp-content\/uploads\/2026\/05\/WhatsApp-Image-2026-05-01-at-14.58.50-1-1-768x576.jpeg 768w, https:\/\/www.ister.at\/Ister1\/wp-content\/uploads\/2026\/05\/WhatsApp-Image-2026-05-01-at-14.58.50-1-1-1536x1152.jpeg 1536w, https:\/\/www.ister.at\/Ister1\/wp-content\/uploads\/2026\/05\/WhatsApp-Image-2026-05-01-at-14.58.50-1-1-2048x1536.jpeg 2048w, https:\/\/www.ister.at\/Ister1\/wp-content\/uploads\/2026\/05\/WhatsApp-Image-2026-05-01-at-14.58.50-1-1-160x120.jpeg 160w\" sizes=\"auto, (max-width: 1024px) 100vw, 1024px\" \/><\/a><\/figure>\n\n\n\n<figure class=\"wp-block-image size-large\"><a href=\"https:\/\/www.ister.at\/Ister1\/wp-content\/uploads\/2026\/05\/WhatsApp-Image-2026-05-01-at-14.58.27-1-scaled.jpeg\" rel=\"lightbox[22766]\"><img loading=\"lazy\" decoding=\"async\" width=\"1024\" height=\"768\" data-id=\"22780\" src=\"https:\/\/www.ister.at\/Ister1\/wp-content\/uploads\/2026\/05\/WhatsApp-Image-2026-05-01-at-14.58.27-1-1024x768.jpeg\" alt=\"\" class=\"wp-image-22780\" srcset=\"https:\/\/www.ister.at\/Ister1\/wp-content\/uploads\/2026\/05\/WhatsApp-Image-2026-05-01-at-14.58.27-1-1024x768.jpeg 1024w, https:\/\/www.ister.at\/Ister1\/wp-content\/uploads\/2026\/05\/WhatsApp-Image-2026-05-01-at-14.58.27-1-300x225.jpeg 300w, https:\/\/www.ister.at\/Ister1\/wp-content\/uploads\/2026\/05\/WhatsApp-Image-2026-05-01-at-14.58.27-1-768x576.jpeg 768w, https:\/\/www.ister.at\/Ister1\/wp-content\/uploads\/2026\/05\/WhatsApp-Image-2026-05-01-at-14.58.27-1-1536x1152.jpeg 1536w, https:\/\/www.ister.at\/Ister1\/wp-content\/uploads\/2026\/05\/WhatsApp-Image-2026-05-01-at-14.58.27-1-2048x1536.jpeg 2048w, https:\/\/www.ister.at\/Ister1\/wp-content\/uploads\/2026\/05\/WhatsApp-Image-2026-05-01-at-14.58.27-1-160x120.jpeg 160w\" sizes=\"auto, (max-width: 1024px) 100vw, 1024px\" \/><\/a><\/figure>\n<\/figure>\n\n\n\n<p>Die U-19-Istrianer waren auch fleissig, und nicht weniger erfolgreich. Benedek Szeder hat nach einem schwierigen ersten Rennen am Samstag im 1x seinen Fokus wieder gefunden und den dritten Platz im Doppelzweier mit seinem Pirat-Bootspartner Lennard Gunzer. Simon Campbell war wieder im 2- mit Alexander Stallinger (Seewalchen) unterwegs; Samstag kamen sie hinter dem Donau-Boot ins Ziel, aber am Sonntag konnten sie auch eine Goldmedaille gegen Koper holen. Sophie Milton konnte sowohl Samstag im Doppelvierer in Renngemeinschaft mit Wiking Linz und WSV Gold holen, und am Samstag Silber mit Caroline Krause, wieder von Wiking. <\/p>\n\n\n\n<figure class=\"wp-block-gallery has-nested-images columns-default is-cropped wp-block-gallery-2 is-layout-flex wp-block-gallery-is-layout-flex\">\n<figure class=\"wp-block-image size-large\"><a href=\"https:\/\/www.ister.at\/Ister1\/wp-content\/uploads\/2026\/05\/WhatsApp-Image-2026-05-01-at-14.58.47-1-2-scaled.jpeg\" rel=\"lightbox[22766]\"><img loading=\"lazy\" decoding=\"async\" width=\"1024\" height=\"768\" data-id=\"22778\" src=\"https:\/\/www.ister.at\/Ister1\/wp-content\/uploads\/2026\/05\/WhatsApp-Image-2026-05-01-at-14.58.47-1-2-1024x768.jpeg\" alt=\"\" class=\"wp-image-22778\" srcset=\"https:\/\/www.ister.at\/Ister1\/wp-content\/uploads\/2026\/05\/WhatsApp-Image-2026-05-01-at-14.58.47-1-2-1024x768.jpeg 1024w, https:\/\/www.ister.at\/Ister1\/wp-content\/uploads\/2026\/05\/WhatsApp-Image-2026-05-01-at-14.58.47-1-2-300x225.jpeg 300w, https:\/\/www.ister.at\/Ister1\/wp-content\/uploads\/2026\/05\/WhatsApp-Image-2026-05-01-at-14.58.47-1-2-768x576.jpeg 768w, https:\/\/www.ister.at\/Ister1\/wp-content\/uploads\/2026\/05\/WhatsApp-Image-2026-05-01-at-14.58.47-1-2-1536x1152.jpeg 1536w, https:\/\/www.ister.at\/Ister1\/wp-content\/uploads\/2026\/05\/WhatsApp-Image-2026-05-01-at-14.58.47-1-2-2048x1536.jpeg 2048w, https:\/\/www.ister.at\/Ister1\/wp-content\/uploads\/2026\/05\/WhatsApp-Image-2026-05-01-at-14.58.47-1-2-160x120.jpeg 160w\" sizes=\"auto, (max-width: 1024px) 100vw, 1024px\" \/><\/a><\/figure>\n\n\n\n<figure class=\"wp-block-image size-large\"><a href=\"https:\/\/www.ister.at\/Ister1\/wp-content\/uploads\/2026\/05\/WhatsApp-Image-2026-05-01-at-20.57.29-1.jpeg\" rel=\"lightbox[22766]\"><img loading=\"lazy\" decoding=\"async\" width=\"768\" height=\"1024\" data-id=\"22772\" src=\"https:\/\/www.ister.at\/Ister1\/wp-content\/uploads\/2026\/05\/WhatsApp-Image-2026-05-01-at-20.57.29-1-768x1024.jpeg\" alt=\"\" class=\"wp-image-22772\" srcset=\"https:\/\/www.ister.at\/Ister1\/wp-content\/uploads\/2026\/05\/WhatsApp-Image-2026-05-01-at-20.57.29-1-768x1024.jpeg 768w, https:\/\/www.ister.at\/Ister1\/wp-content\/uploads\/2026\/05\/WhatsApp-Image-2026-05-01-at-20.57.29-1-225x300.jpeg 225w, https:\/\/www.ister.at\/Ister1\/wp-content\/uploads\/2026\/05\/WhatsApp-Image-2026-05-01-at-20.57.29-1-1152x1536.jpeg 1152w, https:\/\/www.ister.at\/Ister1\/wp-content\/uploads\/2026\/05\/WhatsApp-Image-2026-05-01-at-20.57.29-1.jpeg 1200w\" sizes=\"auto, (max-width: 768px) 100vw, 768px\" \/><\/a><\/figure>\n\n\n\n<figure class=\"wp-block-image size-large\"><a href=\"https:\/\/www.ister.at\/Ister1\/wp-content\/uploads\/2026\/05\/WhatsApp-Image-2026-05-01-at-20.57.29.jpeg\" rel=\"lightbox[22766]\"><img loading=\"lazy\" decoding=\"async\" width=\"768\" height=\"1024\" data-id=\"22771\" src=\"https:\/\/www.ister.at\/Ister1\/wp-content\/uploads\/2026\/05\/WhatsApp-Image-2026-05-01-at-20.57.29-768x1024.jpeg\" alt=\"\" class=\"wp-image-22771\" srcset=\"https:\/\/www.ister.at\/Ister1\/wp-content\/uploads\/2026\/05\/WhatsApp-Image-2026-05-01-at-20.57.29-768x1024.jpeg 768w, https:\/\/www.ister.at\/Ister1\/wp-content\/uploads\/2026\/05\/WhatsApp-Image-2026-05-01-at-20.57.29-225x300.jpeg 225w, https:\/\/www.ister.at\/Ister1\/wp-content\/uploads\/2026\/05\/WhatsApp-Image-2026-05-01-at-20.57.29-1152x1536.jpeg 1152w, https:\/\/www.ister.at\/Ister1\/wp-content\/uploads\/2026\/05\/WhatsApp-Image-2026-05-01-at-20.57.29.jpeg 1200w\" sizes=\"auto, (max-width: 768px) 100vw, 768px\" \/><\/a><\/figure>\n<\/figure>\n\n\n\n<p>Leider ist es zu keine Ister-Beteiligung im M\u00e4nner-Bereich gekommen; wegen einer Verletzung beim Aufw\u00e4rmen konnte Fabian Gillhofer nicht im \u00d6sterreich-Doppelvierer zum Start gehen. Wir halten ihm die Daumen f\u00fcr die Genesung gedruckt!<\/p>\n\n\n\n<p>Insgesamt war es ein ermunterndes Wochenende, das die Arbeit an Gro\u00dfbootprojekte reichlich belohnt hat. Somit gehen die Sportler*innen in das verl\u00e4ngerte (Trainings)wochenende mit gutem Grund f\u00fcr Vorfreude und Motivation f\u00fcr die kommenden Rennen in M\u00fcnchen und Ottensheim. <\/p>\n\n\n\n<p><\/p>\n<div class=\"love\"><input  id=\"post_22766\" type=\"checkbox\" class=\"LoveCheck\"\/>\n                <label for=\"post_22766\" class=\"dashicons dashicons-heart LoveLabel\" aria-label=\"like this\"><\/label><span class=\"LoveCount\">0<\/span><\/div><!--\/love-->","protected":false},"excerpt":{"rendered":"<p>0 Bericht: Jeff CampbellFotos: Jeffrey Campbell, Lorcan Lindner Am letzten April-Wochenende fand in Bled, Slowenien, die Alpe Adria Regatta 2026 statt. Es war nicht nur eine perfekte Gelegenheit, die sch\u00f6ne Umgebung zu bestaunen, sondern auch[&#8230;]<\/p>\n","protected":false},"author":10,"featured_media":22771,"comment_status":"open","ping_status":"open","sticky":false,"template":"","format":"standard","meta":{"_monsterinsights_skip_tracking":false,"_monsterinsights_sitenote_active":false,"_monsterinsights_sitenote_note":"","_monsterinsights_sitenote_category":0,"footnotes":""},"categories":[1],"tags":[],"class_list":["post-22766","post","type-post","status-publish","format-standard","has-post-thumbnail","hentry","category-allgemein"],"_links":{"self":[{"href":"https:\/\/www.ister.at\/Ister1\/index.php?rest_route=\/wp\/v2\/posts\/22766","targetHints":{"allow":["GET"]}}],"collection":[{"href":"https:\/\/www.ister.at\/Ister1\/index.php?rest_route=\/wp\/v2\/posts"}],"about":[{"href":"https:\/\/www.ister.at\/Ister1\/index.php?rest_route=\/wp\/v2\/types\/post"}],"author":[{"embeddable":true,"href":"https:\/\/www.ister.at\/Ister1\/index.php?rest_route=\/wp\/v2\/users\/10"}],"replies":[{"embeddable":true,"href":"https:\/\/www.ister.at\/Ister1\/index.php?rest_route=%2Fwp%2Fv2%2Fcomments&post=22766"}],"version-history":[{"count":2,"href":"https:\/\/www.ister.at\/Ister1\/index.php?rest_route=\/wp\/v2\/posts\/22766\/revisions"}],"predecessor-version":[{"id":22781,"href":"https:\/\/www.ister.at\/Ister1\/index.php?rest_route=\/wp\/v2\/posts\/22766\/revisions\/22781"}],"wp:featuredmedia":[{"embeddable":true,"href":"https:\/\/www.ister.at\/Ister1\/index.php?rest_route=\/wp\/v2\/media\/22771"}],"wp:attachment":[{"href":"https:\/\/www.ister.at\/Ister1\/index.php?rest_route=%2Fwp%2Fv2%2Fmedia&parent=22766"}],"wp:term":[{"taxonomy":"category","embeddable":true,"href":"https:\/\/www.ister.at\/Ister1\/index.php?rest_route=%2Fwp%2Fv2%2Fcategories&post=22766"},{"taxonomy":"post_tag","embeddable":true,"href":"https:\/\/www.ister.at\/Ister1\/index.php?rest_route=%2Fwp%2Fv2%2Ftags&post=22766"}],"curies":[{"name":"wp","href":"https:\/\/api.w.org\/{rel}","templated":true}]}}