{"id":22709,"date":"2026-04-29T20:33:45","date_gmt":"2026-04-29T18:33:45","guid":{"rendered":"https:\/\/www.ister.at\/Ister1\/?p=22709"},"modified":"2026-04-29T20:33:47","modified_gmt":"2026-04-29T18:33:47","slug":"ister-richtet-historischen-oerv-rudertag-in-linz-aus","status":"publish","type":"post","link":"https:\/\/www.ister.at\/Ister1\/?p=22709","title":{"rendered":"Ister richtet historischen \u00d6RV-Rudertag in Linz aus"},"content":{"rendered":"<div class=\"love\"><input  id=\"post_22709\" type=\"checkbox\" class=\"LoveCheck\"\/>\n                <label for=\"post_22709\" class=\"dashicons dashicons-heart LoveLabel\" aria-label=\"like this\"><\/label><span class=\"LoveCount\">0<\/span><\/div><!--\/love-->\n<p><strong>Bericht: Antonis Gitsas<\/strong><br><strong>Fotos: Armin Eliskases<\/strong><br><br>Der Linzer Ruderverein Ister durfte am Samstag, den 21. M\u00e4rz 2026, den diesj\u00e4hrigen Ordentlichen Rudertag des \u00d6sterreichischen Ruderverbandes (\u00d6RV) auszurichten. Die Ausrichtung des Rudertages ist eine besondere Ehre, die unter den \u00f6sterreichischen Vereinen abwechselnd vergeben wird. Die Veranstaltung stand im Zeichen des 150-j\u00e4hrigen Bestehens unseres Vereins, fand im beeindruckenden Alten Rathaus in Linz statt, und brachte rund 100 Delegierte sowie Ruderbegeisterte aus ganz \u00d6sterreich zusammen. Der Rudertag gliederte sich in einen \u00f6ffentlichen Teil mit der Ehrung verdienter Athletinnen und Athleten sowie in die offizielle Delegiertenversammlung, die ausschlie\u00dflich den Vereinsdelegierten vorbehalten war.<\/p>\n\n\n\n<figure class=\"wp-block-gallery has-nested-images columns-default is-cropped wp-block-gallery-1 is-layout-flex wp-block-gallery-is-layout-flex\">\n<figure class=\"wp-block-image size-large\"><a href=\"https:\/\/www.ister.at\/Ister1\/wp-content\/uploads\/2026\/04\/20260321_RuderHPTV_0016.jpg_compressed.jpeg\" rel=\"lightbox[22709]\"><img loading=\"lazy\" decoding=\"async\" width=\"1024\" height=\"683\" data-id=\"22716\" src=\"https:\/\/www.ister.at\/Ister1\/wp-content\/uploads\/2026\/04\/20260321_RuderHPTV_0016.jpg_compressed-1024x683.jpeg\" alt=\"Zwei Frauen sitzen an einem Anmeldeschalter und arbeiten mit Papieren und Dokumenten. Die eine zeigt auf Gegenst\u00e4nde auf dem Tisch, w\u00e4hrend die andere ein Blatt \u00fcberpr\u00fcft. Vor ihnen ist ein Schild mit der Aufschrift ANMELDUNG zu sehen.\" class=\"wp-image-22716\" srcset=\"https:\/\/www.ister.at\/Ister1\/wp-content\/uploads\/2026\/04\/20260321_RuderHPTV_0016.jpg_compressed-1024x683.jpeg 1024w, https:\/\/www.ister.at\/Ister1\/wp-content\/uploads\/2026\/04\/20260321_RuderHPTV_0016.jpg_compressed-300x200.jpeg 300w, https:\/\/www.ister.at\/Ister1\/wp-content\/uploads\/2026\/04\/20260321_RuderHPTV_0016.jpg_compressed-768x512.jpeg 768w, https:\/\/www.ister.at\/Ister1\/wp-content\/uploads\/2026\/04\/20260321_RuderHPTV_0016.jpg_compressed-1536x1024.jpeg 1536w, https:\/\/www.ister.at\/Ister1\/wp-content\/uploads\/2026\/04\/20260321_RuderHPTV_0016.jpg_compressed-840x560.jpeg 840w, https:\/\/www.ister.at\/Ister1\/wp-content\/uploads\/2026\/04\/20260321_RuderHPTV_0016.jpg_compressed-120x80.jpeg 120w, https:\/\/www.ister.at\/Ister1\/wp-content\/uploads\/2026\/04\/20260321_RuderHPTV_0016.jpg_compressed-360x240.jpeg 360w, https:\/\/www.ister.at\/Ister1\/wp-content\/uploads\/2026\/04\/20260321_RuderHPTV_0016.jpg_compressed-600x400.jpeg 600w, https:\/\/www.ister.at\/Ister1\/wp-content\/uploads\/2026\/04\/20260321_RuderHPTV_0016.jpg_compressed.jpeg 1920w\" sizes=\"auto, (max-width: 1024px) 100vw, 1024px\" \/><\/a><figcaption class=\"wp-element-caption\">Ursula Kabas &amp; Andrea Anselm<\/figcaption><\/figure>\n\n\n\n<figure class=\"wp-block-image size-large\"><a href=\"https:\/\/www.ister.at\/Ister1\/wp-content\/uploads\/2026\/04\/20260321_RuderHPTV_0022.jpg_compressed.jpeg\" rel=\"lightbox[22709]\"><img loading=\"lazy\" decoding=\"async\" width=\"683\" height=\"1024\" data-id=\"22717\" src=\"https:\/\/www.ister.at\/Ister1\/wp-content\/uploads\/2026\/04\/20260321_RuderHPTV_0022.jpg_compressed-683x1024.jpeg\" alt=\"Ein Schild mit der Aufschrift \u00d6sterreichischer Ruderverband. Herzlich Willkommen zum Rudertag. Die Anmeldung steht auf einem Tisch mit einer Vase mit gelben Blumen und einer Schale mit eingepackten S\u00fc\u00dfigkeiten im Vordergrund.\" class=\"wp-image-22717\" srcset=\"https:\/\/www.ister.at\/Ister1\/wp-content\/uploads\/2026\/04\/20260321_RuderHPTV_0022.jpg_compressed-683x1024.jpeg 683w, https:\/\/www.ister.at\/Ister1\/wp-content\/uploads\/2026\/04\/20260321_RuderHPTV_0022.jpg_compressed-200x300.jpeg 200w, https:\/\/www.ister.at\/Ister1\/wp-content\/uploads\/2026\/04\/20260321_RuderHPTV_0022.jpg_compressed-768x1152.jpeg 768w, https:\/\/www.ister.at\/Ister1\/wp-content\/uploads\/2026\/04\/20260321_RuderHPTV_0022.jpg_compressed-1024x1536.jpeg 1024w, https:\/\/www.ister.at\/Ister1\/wp-content\/uploads\/2026\/04\/20260321_RuderHPTV_0022.jpg_compressed.jpeg 1280w\" sizes=\"auto, (max-width: 683px) 100vw, 683px\" \/><\/a><\/figure>\n\n\n\n<figure class=\"wp-block-image size-large\"><a href=\"https:\/\/www.ister.at\/Ister1\/wp-content\/uploads\/2026\/04\/20260321_RuderHPTV_0142.jpg_compressed.jpeg\" rel=\"lightbox[22709]\"><img loading=\"lazy\" decoding=\"async\" width=\"1024\" height=\"576\" data-id=\"22718\" src=\"https:\/\/www.ister.at\/Ister1\/wp-content\/uploads\/2026\/04\/20260321_RuderHPTV_0142.jpg_compressed-1024x576.jpeg\" alt=\"Drei junge Leute sitzen in einem Innenraum und musizieren gemeinsam; zwei spielen Klarinetten, der dritte ein Akkordeon. Vor ihnen stehen Notenst\u00e4nder, und sie scheinen sich auf ihr Spiel zu konzentrieren.\" class=\"wp-image-22718\" srcset=\"https:\/\/www.ister.at\/Ister1\/wp-content\/uploads\/2026\/04\/20260321_RuderHPTV_0142.jpg_compressed-1024x576.jpeg 1024w, https:\/\/www.ister.at\/Ister1\/wp-content\/uploads\/2026\/04\/20260321_RuderHPTV_0142.jpg_compressed-300x169.jpeg 300w, https:\/\/www.ister.at\/Ister1\/wp-content\/uploads\/2026\/04\/20260321_RuderHPTV_0142.jpg_compressed-768x432.jpeg 768w, https:\/\/www.ister.at\/Ister1\/wp-content\/uploads\/2026\/04\/20260321_RuderHPTV_0142.jpg_compressed-1536x864.jpeg 1536w, https:\/\/www.ister.at\/Ister1\/wp-content\/uploads\/2026\/04\/20260321_RuderHPTV_0142.jpg_compressed-2048x1152.jpeg 2048w\" sizes=\"auto, (max-width: 1024px) 100vw, 1024px\" \/><\/a><\/figure>\n<\/figure>\n\n\n\n<p>Der moderne Gemeinderatssaal des historischen Alten Rathauses bot einen eleganten Rahmen f\u00fcr die Versammlung. Der B\u00fcrgermeister von Linz, Dietmar Prammer, er\u00f6ffnete die Veranstaltung mit einer herzlichen Begr\u00fc\u00dfung. Dabei hob er die enge Verbindung der Stadt zur Donau hervor und betonte, wie sehr Aktivit\u00e4ten am Wasser die Identit\u00e4t und Kultur von Linz pr\u00e4gen.<\/p>\n\n\n\n<figure class=\"wp-block-gallery has-nested-images columns-default is-cropped wp-block-gallery-2 is-layout-flex wp-block-gallery-is-layout-flex\">\n<figure class=\"wp-block-image size-large\"><a href=\"https:\/\/www.ister.at\/Ister1\/wp-content\/uploads\/2026\/04\/20260321_RuderHPTV_0116.jpg_compressed.jpeg\" rel=\"lightbox[22709]\"><img loading=\"lazy\" decoding=\"async\" width=\"768\" height=\"1024\" data-id=\"22714\" src=\"https:\/\/www.ister.at\/Ister1\/wp-content\/uploads\/2026\/04\/20260321_RuderHPTV_0116.jpg_compressed-768x1024.jpeg\" alt=\"Ein Mann in Anzug und Krawatte steht an einem Holzpodium mit einem Laptop und spricht in ein Mikrofon. Er tr\u00e4gt eine Brille und hat eine Glatze. Der Hintergrund ist in lila und rote vertikale Abschnitte unterteilt.\" class=\"wp-image-22714\" srcset=\"https:\/\/www.ister.at\/Ister1\/wp-content\/uploads\/2026\/04\/20260321_RuderHPTV_0116.jpg_compressed-768x1024.jpeg 768w, https:\/\/www.ister.at\/Ister1\/wp-content\/uploads\/2026\/04\/20260321_RuderHPTV_0116.jpg_compressed-225x300.jpeg 225w, https:\/\/www.ister.at\/Ister1\/wp-content\/uploads\/2026\/04\/20260321_RuderHPTV_0116.jpg_compressed-1152x1536.jpeg 1152w, https:\/\/www.ister.at\/Ister1\/wp-content\/uploads\/2026\/04\/20260321_RuderHPTV_0116.jpg_compressed.jpeg 1280w\" sizes=\"auto, (max-width: 768px) 100vw, 768px\" \/><\/a><figcaption class=\"wp-element-caption\">Dietmar Prammer<\/figcaption><\/figure>\n\n\n\n<figure class=\"wp-block-image size-large\"><a href=\"https:\/\/www.ister.at\/Ister1\/wp-content\/uploads\/2026\/04\/20260321_RuderHPTV_0120.jpg_compressed.jpeg\" rel=\"lightbox[22709]\"><img loading=\"lazy\" decoding=\"async\" width=\"768\" height=\"1024\" data-id=\"22715\" src=\"https:\/\/www.ister.at\/Ister1\/wp-content\/uploads\/2026\/04\/20260321_RuderHPTV_0120.jpg_compressed-768x1024.jpeg\" alt=\"Ein Mann im Anzug spricht an einem Podium mit einem Mikrofon. Auf dem Podium steht ein Laptop, und er steht vor einem blau-wei\u00dfen Hintergrund.\" class=\"wp-image-22715\" srcset=\"https:\/\/www.ister.at\/Ister1\/wp-content\/uploads\/2026\/04\/20260321_RuderHPTV_0120.jpg_compressed-768x1024.jpeg 768w, https:\/\/www.ister.at\/Ister1\/wp-content\/uploads\/2026\/04\/20260321_RuderHPTV_0120.jpg_compressed-225x300.jpeg 225w, https:\/\/www.ister.at\/Ister1\/wp-content\/uploads\/2026\/04\/20260321_RuderHPTV_0120.jpg_compressed-1152x1536.jpeg 1152w, https:\/\/www.ister.at\/Ister1\/wp-content\/uploads\/2026\/04\/20260321_RuderHPTV_0120.jpg_compressed.jpeg 1280w\" sizes=\"auto, (max-width: 768px) 100vw, 768px\" \/><\/a><figcaption class=\"wp-element-caption\">Alexander Weigl<\/figcaption><\/figure>\n\n\n\n<figure class=\"wp-block-image size-large\"><a href=\"https:\/\/www.ister.at\/Ister1\/wp-content\/uploads\/2026\/04\/20260321_RuderHPTV_0115.jpg_compressed.jpeg\" rel=\"lightbox[22709]\"><img loading=\"lazy\" decoding=\"async\" width=\"683\" height=\"1024\" data-id=\"22713\" src=\"https:\/\/www.ister.at\/Ister1\/wp-content\/uploads\/2026\/04\/20260321_RuderHPTV_0115.jpg_compressed-683x1024.jpeg\" alt=\"Eine Frau mit Brille und einem marineblauen Blazer mit rotem Rand steht hinter einem Tisch und h\u00e4lt Papiere in der Hand. Auf dem Tisch befinden sich Dokumente, eine Wasserflasche, ein Glas und ein rosa verpackter Gegenstand. Sie scheint zu sprechen oder etwas zu pr\u00e4sentieren.\" class=\"wp-image-22713\" srcset=\"https:\/\/www.ister.at\/Ister1\/wp-content\/uploads\/2026\/04\/20260321_RuderHPTV_0115.jpg_compressed-683x1024.jpeg 683w, https:\/\/www.ister.at\/Ister1\/wp-content\/uploads\/2026\/04\/20260321_RuderHPTV_0115.jpg_compressed-200x300.jpeg 200w, https:\/\/www.ister.at\/Ister1\/wp-content\/uploads\/2026\/04\/20260321_RuderHPTV_0115.jpg_compressed-768x1152.jpeg 768w, https:\/\/www.ister.at\/Ister1\/wp-content\/uploads\/2026\/04\/20260321_RuderHPTV_0115.jpg_compressed-1024x1536.jpeg 1024w, https:\/\/www.ister.at\/Ister1\/wp-content\/uploads\/2026\/04\/20260321_RuderHPTV_0115.jpg_compressed.jpeg 1280w\" sizes=\"auto, (max-width: 683px) 100vw, 683px\" \/><\/a><figcaption class=\"wp-element-caption\">Birgit Steininger<\/figcaption><\/figure>\n<\/figure>\n\n\n\n<p>Das Festprogramm begann mit einer eindrucksvollen Pr\u00e4sentation des Pr\u00e4sidenten des Ister, Alexander Weigl. Anhand sorgf\u00e4ltig ausgew\u00e4hlter Fotografien zeichnete er die 150-j\u00e4hrige Entwicklung des Verbandes nach, beleuchtete bedeutende Meilensteine und vermittelte zugleich eine optimistische Perspektive f\u00fcr die Zukunft. Die Pr\u00e4sentation verband die W\u00fcrdigung sportlicher Erfolge mit der F\u00f6rderung des Ruderns als Freizeitaktivit\u00e4t und spiegelte damit die moderne Ausrichtung des Sports wider.<\/p>\n\n\n\n<p>Im Rahmen der offiziellen Tagesordnung wurden herausragende Leistungen im \u00f6sterreichischen Rudersport gew\u00fcrdigt. Zwei Isterianerinnen wurden ausgezeichnet:<br><strong>Dagmar Kuttelwascher<\/strong> f\u00fcr beeindruckende 50 Jahre Mitgliedschaft<br><strong>Marlene K\u00fchr<\/strong> mit dem Ehrenzeichen U19 Silber<\/p>\n\n\n\n<figure class=\"wp-block-gallery has-nested-images columns-default is-cropped wp-block-gallery-3 is-layout-flex wp-block-gallery-is-layout-flex\">\n<figure class=\"wp-block-image size-large\"><a href=\"https:\/\/www.ister.at\/Ister1\/wp-content\/uploads\/2026\/04\/20260321_RuderHPTV_0162.jpg_compressed.jpeg\" rel=\"lightbox[22709]\"><img loading=\"lazy\" decoding=\"async\" width=\"1024\" height=\"768\" data-id=\"22720\" src=\"https:\/\/www.ister.at\/Ister1\/wp-content\/uploads\/2026\/04\/20260321_RuderHPTV_0162.jpg_compressed-1024x768.jpeg\" alt=\"Zwei Frauen l\u00e4cheln bei einer feierlichen Veranstaltung; die eine h\u00e4lt Blumen und eine Urkunde, die andere tr\u00e4gt einen marineblauen Blazer mit Abzeichen und Medaille und steht vor einer wei\u00dfen Wand mit roten Paneelen. Im Hintergrund sitzen Menschen an Tischen.\" class=\"wp-image-22720\" srcset=\"https:\/\/www.ister.at\/Ister1\/wp-content\/uploads\/2026\/04\/20260321_RuderHPTV_0162.jpg_compressed-1024x768.jpeg 1024w, https:\/\/www.ister.at\/Ister1\/wp-content\/uploads\/2026\/04\/20260321_RuderHPTV_0162.jpg_compressed-300x225.jpeg 300w, https:\/\/www.ister.at\/Ister1\/wp-content\/uploads\/2026\/04\/20260321_RuderHPTV_0162.jpg_compressed-768x576.jpeg 768w, https:\/\/www.ister.at\/Ister1\/wp-content\/uploads\/2026\/04\/20260321_RuderHPTV_0162.jpg_compressed-1536x1152.jpeg 1536w, https:\/\/www.ister.at\/Ister1\/wp-content\/uploads\/2026\/04\/20260321_RuderHPTV_0162.jpg_compressed-160x120.jpeg 160w, https:\/\/www.ister.at\/Ister1\/wp-content\/uploads\/2026\/04\/20260321_RuderHPTV_0162.jpg_compressed.jpeg 1707w\" sizes=\"auto, (max-width: 1024px) 100vw, 1024px\" \/><\/a><figcaption class=\"wp-element-caption\">Dagmar Kuttelwasser<\/figcaption><\/figure>\n\n\n\n<figure class=\"wp-block-image size-large\"><a href=\"https:\/\/www.ister.at\/Ister1\/wp-content\/uploads\/2026\/04\/20260321_RuderHPTV_0203.jpg_compressed.jpeg\" rel=\"lightbox[22709]\"><img loading=\"lazy\" decoding=\"async\" width=\"1024\" height=\"768\" data-id=\"22719\" src=\"https:\/\/www.ister.at\/Ister1\/wp-content\/uploads\/2026\/04\/20260321_RuderHPTV_0203.jpg_compressed-1024x768.jpeg\" alt=\"Eine junge Frau in einem cremefarbenen Pullover sch\u00fcttelt einer \u00e4lteren Frau in einem marineblauen Blazer bei einer Indoor-Veranstaltung die Hand und l\u00e4chelt, w\u00e4hrend andere an einem Tisch im Hintergrund sitzen.\" class=\"wp-image-22719\" srcset=\"https:\/\/www.ister.at\/Ister1\/wp-content\/uploads\/2026\/04\/20260321_RuderHPTV_0203.jpg_compressed-1024x768.jpeg 1024w, https:\/\/www.ister.at\/Ister1\/wp-content\/uploads\/2026\/04\/20260321_RuderHPTV_0203.jpg_compressed-300x225.jpeg 300w, https:\/\/www.ister.at\/Ister1\/wp-content\/uploads\/2026\/04\/20260321_RuderHPTV_0203.jpg_compressed-768x576.jpeg 768w, https:\/\/www.ister.at\/Ister1\/wp-content\/uploads\/2026\/04\/20260321_RuderHPTV_0203.jpg_compressed-1536x1152.jpeg 1536w, https:\/\/www.ister.at\/Ister1\/wp-content\/uploads\/2026\/04\/20260321_RuderHPTV_0203.jpg_compressed-160x120.jpeg 160w, https:\/\/www.ister.at\/Ister1\/wp-content\/uploads\/2026\/04\/20260321_RuderHPTV_0203.jpg_compressed.jpeg 1707w\" sizes=\"auto, (max-width: 1024px) 100vw, 1024px\" \/><\/a><figcaption class=\"wp-element-caption\">Marlene K\u00fchr<\/figcaption><\/figure>\n<\/figure>\n\n\n\n<p>Unter der Leitung von \u00d6RV-Pr\u00e4sidentin Birgit Steininger wurde der Rudertag z\u00fcgig und strukturiert durchgef\u00fchrt. Ein zentraler Punkt war das neu gestartete Trainer- und Instruktorenentwicklungsprogramm (\u00dcbungsleiter-Initiative), das die Trainingsstruktur in \u00f6sterreichischen Rudervereinen auf allen Ebenen st\u00e4rken soll. Neben den offiziellen Tagesordnungspunkten bot der Rudertag wertvolle Gelegenheiten zum Austausch mit Delegierten anderer Vereine und Landesverb\u00e4nde. Themen wie Sicherheit am Wasser, die Weiterentwicklung des Mastersruderns und die F\u00f6rderung von Coastal Rowing standen dabei im Mittelpunkt.<\/p>\n\n\n\n<figure class=\"wp-block-gallery has-nested-images columns-default is-cropped wp-block-gallery-4 is-layout-flex wp-block-gallery-is-layout-flex\">\n<figure class=\"wp-block-image size-large\"><a href=\"https:\/\/www.ister.at\/Ister1\/wp-content\/uploads\/2026\/04\/20260321_RuderHPTV_0150.jpg_compressed.jpeg\" rel=\"lightbox[22709]\"><img loading=\"lazy\" decoding=\"async\" width=\"1024\" height=\"683\" data-id=\"22722\" src=\"https:\/\/www.ister.at\/Ister1\/wp-content\/uploads\/2026\/04\/20260321_RuderHPTV_0150.jpg_compressed-1024x683.jpeg\" alt=\"Eine formelle Sitzung mit acht Personen, die an einem langen Tisch sitzen, und einer Person, die steht, vor gro\u00dfen Flaggen der EU, \u00d6sterreichs und einer Region, wobei eine Pr\u00e4sentation an die Wand projiziert wird.\" class=\"wp-image-22722\" srcset=\"https:\/\/www.ister.at\/Ister1\/wp-content\/uploads\/2026\/04\/20260321_RuderHPTV_0150.jpg_compressed-1024x683.jpeg 1024w, https:\/\/www.ister.at\/Ister1\/wp-content\/uploads\/2026\/04\/20260321_RuderHPTV_0150.jpg_compressed-300x200.jpeg 300w, https:\/\/www.ister.at\/Ister1\/wp-content\/uploads\/2026\/04\/20260321_RuderHPTV_0150.jpg_compressed-768x512.jpeg 768w, https:\/\/www.ister.at\/Ister1\/wp-content\/uploads\/2026\/04\/20260321_RuderHPTV_0150.jpg_compressed-1536x1024.jpeg 1536w, https:\/\/www.ister.at\/Ister1\/wp-content\/uploads\/2026\/04\/20260321_RuderHPTV_0150.jpg_compressed-840x560.jpeg 840w, https:\/\/www.ister.at\/Ister1\/wp-content\/uploads\/2026\/04\/20260321_RuderHPTV_0150.jpg_compressed-120x80.jpeg 120w, https:\/\/www.ister.at\/Ister1\/wp-content\/uploads\/2026\/04\/20260321_RuderHPTV_0150.jpg_compressed-360x240.jpeg 360w, https:\/\/www.ister.at\/Ister1\/wp-content\/uploads\/2026\/04\/20260321_RuderHPTV_0150.jpg_compressed-600x400.jpeg 600w, https:\/\/www.ister.at\/Ister1\/wp-content\/uploads\/2026\/04\/20260321_RuderHPTV_0150.jpg_compressed.jpeg 1920w\" sizes=\"auto, (max-width: 1024px) 100vw, 1024px\" \/><\/a><\/figure>\n\n\n\n<figure class=\"wp-block-image size-large\"><a href=\"https:\/\/www.ister.at\/Ister1\/wp-content\/uploads\/2026\/04\/20260321_RuderHPTV_0156.jpg_compressed.jpeg\" rel=\"lightbox[22709]\"><img loading=\"lazy\" decoding=\"async\" width=\"1024\" height=\"683\" data-id=\"22721\" src=\"https:\/\/www.ister.at\/Ister1\/wp-content\/uploads\/2026\/04\/20260321_RuderHPTV_0156.jpg_compressed-1024x683.jpeg\" alt=\"Eine formelle Veranstaltung in einem Konferenzraum, bei der die Teilnehmer gegen\u00fcber einer B\u00fchne sitzen, auf der die Redner an einem langen Tisch Platz genommen haben. Gro\u00dfe Flaggen der Europ\u00e4ischen Union und der Regionen h\u00e4ngen an der Wand, und eine Pr\u00e4sentation wird auf eine Leinwand projiziert.\" class=\"wp-image-22721\" srcset=\"https:\/\/www.ister.at\/Ister1\/wp-content\/uploads\/2026\/04\/20260321_RuderHPTV_0156.jpg_compressed-1024x683.jpeg 1024w, https:\/\/www.ister.at\/Ister1\/wp-content\/uploads\/2026\/04\/20260321_RuderHPTV_0156.jpg_compressed-300x200.jpeg 300w, https:\/\/www.ister.at\/Ister1\/wp-content\/uploads\/2026\/04\/20260321_RuderHPTV_0156.jpg_compressed-768x512.jpeg 768w, https:\/\/www.ister.at\/Ister1\/wp-content\/uploads\/2026\/04\/20260321_RuderHPTV_0156.jpg_compressed-1536x1024.jpeg 1536w, https:\/\/www.ister.at\/Ister1\/wp-content\/uploads\/2026\/04\/20260321_RuderHPTV_0156.jpg_compressed-840x560.jpeg 840w, https:\/\/www.ister.at\/Ister1\/wp-content\/uploads\/2026\/04\/20260321_RuderHPTV_0156.jpg_compressed-120x80.jpeg 120w, https:\/\/www.ister.at\/Ister1\/wp-content\/uploads\/2026\/04\/20260321_RuderHPTV_0156.jpg_compressed-360x240.jpeg 360w, https:\/\/www.ister.at\/Ister1\/wp-content\/uploads\/2026\/04\/20260321_RuderHPTV_0156.jpg_compressed-600x400.jpeg 600w, https:\/\/www.ister.at\/Ister1\/wp-content\/uploads\/2026\/04\/20260321_RuderHPTV_0156.jpg_compressed.jpeg 1920w\" sizes=\"auto, (max-width: 1024px) 100vw, 1024px\" \/><\/a><\/figure>\n<\/figure>\n\n\n\n<p>Der Erfolg der Veranstaltung war ma\u00dfgeblich dem engagierten Team von Freiwilligen unseres Vereins zu verdanken. Unter der Leitung von Gerald Ebner sorgte eine kleine, motivierte Gruppe von Vereinsmitgliedern mit einem Buffet f\u00fcr das leibliche Wohl der G\u00e4ste. Trotz regnerischen Wetters in Linz reisten die Delegierten mit neuer Motivation f\u00fcr den Rudersport ab.<\/p>\n\n\n\n<figure class=\"wp-block-gallery has-nested-images columns-default is-cropped wp-block-gallery-5 is-layout-flex wp-block-gallery-is-layout-flex\">\n<figure class=\"wp-block-image size-large\"><a href=\"https:\/\/www.ister.at\/Ister1\/wp-content\/uploads\/2026\/04\/20260321_RuderHPTV_0026.jpg_compressed.jpeg\" rel=\"lightbox[22709]\"><img loading=\"lazy\" decoding=\"async\" width=\"1024\" height=\"683\" data-id=\"22729\" src=\"https:\/\/www.ister.at\/Ister1\/wp-content\/uploads\/2026\/04\/20260321_RuderHPTV_0026.jpg_compressed-1024x683.jpeg\" alt=\"Brotscheiben mit verschiedenen Aufstrichen, Gem\u00fcse und Kr\u00e4utern werden auf wei\u00dfen Tabletts auf einem Tisch f\u00fcr ein Buffet oder ein Catering angeordnet. Zu den Aufstrichen geh\u00f6ren Radieschen, Gurken, Essiggurken und Gr\u00fcnzeug.\" class=\"wp-image-22729\" srcset=\"https:\/\/www.ister.at\/Ister1\/wp-content\/uploads\/2026\/04\/20260321_RuderHPTV_0026.jpg_compressed-1024x683.jpeg 1024w, https:\/\/www.ister.at\/Ister1\/wp-content\/uploads\/2026\/04\/20260321_RuderHPTV_0026.jpg_compressed-300x200.jpeg 300w, https:\/\/www.ister.at\/Ister1\/wp-content\/uploads\/2026\/04\/20260321_RuderHPTV_0026.jpg_compressed-768x512.jpeg 768w, https:\/\/www.ister.at\/Ister1\/wp-content\/uploads\/2026\/04\/20260321_RuderHPTV_0026.jpg_compressed-1536x1024.jpeg 1536w, https:\/\/www.ister.at\/Ister1\/wp-content\/uploads\/2026\/04\/20260321_RuderHPTV_0026.jpg_compressed-840x560.jpeg 840w, https:\/\/www.ister.at\/Ister1\/wp-content\/uploads\/2026\/04\/20260321_RuderHPTV_0026.jpg_compressed-120x80.jpeg 120w, https:\/\/www.ister.at\/Ister1\/wp-content\/uploads\/2026\/04\/20260321_RuderHPTV_0026.jpg_compressed-360x240.jpeg 360w, https:\/\/www.ister.at\/Ister1\/wp-content\/uploads\/2026\/04\/20260321_RuderHPTV_0026.jpg_compressed-600x400.jpeg 600w, https:\/\/www.ister.at\/Ister1\/wp-content\/uploads\/2026\/04\/20260321_RuderHPTV_0026.jpg_compressed.jpeg 1920w\" sizes=\"auto, (max-width: 1024px) 100vw, 1024px\" \/><\/a><\/figure>\n\n\n\n<figure class=\"wp-block-image size-large\"><a href=\"https:\/\/www.ister.at\/Ister1\/wp-content\/uploads\/2026\/04\/20260321_RuderHPTV_0118.jpg_compressed.jpeg\" rel=\"lightbox[22709]\"><img loading=\"lazy\" decoding=\"async\" width=\"1024\" height=\"576\" data-id=\"22730\" src=\"https:\/\/www.ister.at\/Ister1\/wp-content\/uploads\/2026\/04\/20260321_RuderHPTV_0118.jpg_compressed-1024x576.jpeg\" alt=\"Sieben Erwachsene stehen zusammen in einem Haus und l\u00e4cheln in die Kamera. Sie alle tragen wei\u00dfe Oberteile und Jeans. An der Wand hinter ihnen sind Zeichnungen ausgestellt, und im unteren Vordergrund ist ein Tisch mit Glaswaren zu sehen.\" class=\"wp-image-22730\" srcset=\"https:\/\/www.ister.at\/Ister1\/wp-content\/uploads\/2026\/04\/20260321_RuderHPTV_0118.jpg_compressed-1024x576.jpeg 1024w, https:\/\/www.ister.at\/Ister1\/wp-content\/uploads\/2026\/04\/20260321_RuderHPTV_0118.jpg_compressed-300x169.jpeg 300w, https:\/\/www.ister.at\/Ister1\/wp-content\/uploads\/2026\/04\/20260321_RuderHPTV_0118.jpg_compressed-768x432.jpeg 768w, https:\/\/www.ister.at\/Ister1\/wp-content\/uploads\/2026\/04\/20260321_RuderHPTV_0118.jpg_compressed-1536x864.jpeg 1536w, https:\/\/www.ister.at\/Ister1\/wp-content\/uploads\/2026\/04\/20260321_RuderHPTV_0118.jpg_compressed-2048x1152.jpeg 2048w\" sizes=\"auto, (max-width: 1024px) 100vw, 1024px\" \/><\/a><\/figure>\n<\/figure>\n\n\n\n<p>Ister freut sich darauf, die Feierlichkeiten zum 150-j\u00e4hrigen Jubil\u00e4um mit zwei weiteren H\u00f6hepunkten fortzusetzen:<br><strong>Festakt am 17. Juli beim Lentos Kunstmuseum<br>Ister-Sternfahrt am 18. Juli mit Ziel Winterhafen Linz<\/strong><\/p>\n\n\n\n<p>Wir bedanken uns herzlich beim \u00d6RV f\u00fcr die gute Zusammenarbeit und Koordination (Andrea Anselm &amp; Ursula Kabas), bei allen Teilnehmerinnen und Teilnehmern f\u00fcr ihr Kommen und freuen uns darauf, viele von Ihnen im Sommer wieder begr\u00fc\u00dfen zu d\u00fcrfen!<br><\/p>\n<div class=\"love\"><input  id=\"post_22709\" type=\"checkbox\" class=\"LoveCheck\"\/>\n                <label for=\"post_22709\" class=\"dashicons dashicons-heart LoveLabel\" aria-label=\"like this\"><\/label><span class=\"LoveCount\">0<\/span><\/div><!--\/love-->","protected":false},"excerpt":{"rendered":"<p>0 Bericht: Antonis GitsasFotos: Armin Eliskases Der Linzer Ruderverein Ister durfte am Samstag, den 21. M\u00e4rz 2026, den diesj\u00e4hrigen Ordentlichen Rudertag des \u00d6sterreichischen Ruderverbandes (\u00d6RV) auszurichten. Die Ausrichtung des Rudertages ist eine besondere Ehre, die[&#8230;]<\/p>\n","protected":false},"author":3,"featured_media":22712,"comment_status":"open","ping_status":"open","sticky":false,"template":"","format":"standard","meta":{"_monsterinsights_skip_tracking":false,"_monsterinsights_sitenote_active":false,"_monsterinsights_sitenote_note":"","_monsterinsights_sitenote_category":0,"footnotes":""},"categories":[1,61],"tags":[],"class_list":["post-22709","post","type-post","status-publish","format-standard","has-post-thumbnail","hentry","category-allgemein","category-festschrift150"],"_links":{"self":[{"href":"https:\/\/www.ister.at\/Ister1\/index.php?rest_route=\/wp\/v2\/posts\/22709","targetHints":{"allow":["GET"]}}],"collection":[{"href":"https:\/\/www.ister.at\/Ister1\/index.php?rest_route=\/wp\/v2\/posts"}],"about":[{"href":"https:\/\/www.ister.at\/Ister1\/index.php?rest_route=\/wp\/v2\/types\/post"}],"author":[{"embeddable":true,"href":"https:\/\/www.ister.at\/Ister1\/index.php?rest_route=\/wp\/v2\/users\/3"}],"replies":[{"embeddable":true,"href":"https:\/\/www.ister.at\/Ister1\/index.php?rest_route=%2Fwp%2Fv2%2Fcomments&post=22709"}],"version-history":[{"count":18,"href":"https:\/\/www.ister.at\/Ister1\/index.php?rest_route=\/wp\/v2\/posts\/22709\/revisions"}],"predecessor-version":[{"id":22750,"href":"https:\/\/www.ister.at\/Ister1\/index.php?rest_route=\/wp\/v2\/posts\/22709\/revisions\/22750"}],"wp:featuredmedia":[{"embeddable":true,"href":"https:\/\/www.ister.at\/Ister1\/index.php?rest_route=\/wp\/v2\/media\/22712"}],"wp:attachment":[{"href":"https:\/\/www.ister.at\/Ister1\/index.php?rest_route=%2Fwp%2Fv2%2Fmedia&parent=22709"}],"wp:term":[{"taxonomy":"category","embeddable":true,"href":"https:\/\/www.ister.at\/Ister1\/index.php?rest_route=%2Fwp%2Fv2%2Fcategories&post=22709"},{"taxonomy":"post_tag","embeddable":true,"href":"https:\/\/www.ister.at\/Ister1\/index.php?rest_route=%2Fwp%2Fv2%2Ftags&post=22709"}],"curies":[{"name":"wp","href":"https:\/\/api.w.org\/{rel}","templated":true}]}}