{"id":22685,"date":"2026-04-29T20:33:11","date_gmt":"2026-04-29T18:33:11","guid":{"rendered":"https:\/\/www.ister.at\/Ister1\/?p=22685"},"modified":"2026-04-29T21:07:42","modified_gmt":"2026-04-29T19:07:42","slug":"mondsee-langstrecke-kurs-auf-den-gugelhupf","status":"publish","type":"post","link":"https:\/\/www.ister.at\/Ister1\/?p=22685","title":{"rendered":"Mondsee Langstreckenregatta: Kurs auf den \u201eGugelhupf\u201c"},"content":{"rendered":"<div class=\"love\"><input  id=\"post_22685\" type=\"checkbox\" class=\"LoveCheck\"\/>\n                <label for=\"post_22685\" class=\"dashicons dashicons-heart LoveLabel\" aria-label=\"like this\"><\/label><span class=\"LoveCount\">0<\/span><\/div><!--\/love-->\n<p><strong>Bericht: Antonis Gitsas<\/strong><br><br>Zwei Masters-Boote mit Ister-Beteiligung nahmen am 25. April an der diesj\u00e4hrigen Mondsee Zweier-Langstreckenregatta teil und sorgten trotz kurzer gemeinsamer Vorbereitung f\u00fcr starke Ergebnisse.<\/p>\n\n\n\n<p>Ein starkes Deb\u00fct gelang Caro P\u00f6chlauer, die gleichzeitig ihr Comeback ins Team-Ister direkt mit einem ersten Rennstart bei der Mondsee Regatta kr\u00f6nte. Sie konnte dabei an alte Leistungen ankn\u00fcpfen und gemeinsam mit ihrer Ruderpartnerin Eva Grohmann (DHO) eine sehr gute Top-10-Platzierung bei den 10 km im Frauen-Feld erzielen!<\/p>\n\n\n\n<figure class=\"wp-block-gallery has-nested-images columns-default is-cropped wp-block-gallery-1 is-layout-flex wp-block-gallery-is-layout-flex\">\n<figure class=\"wp-block-image size-large\"><a href=\"https:\/\/www.ister.at\/Ister1\/wp-content\/uploads\/2026\/04\/WhatsApp-Image-2026-04-26-at-10.44.32.jpeg\" rel=\"lightbox[22685]\"><img loading=\"lazy\" decoding=\"async\" width=\"1024\" height=\"768\" data-id=\"22687\" src=\"https:\/\/www.ister.at\/Ister1\/wp-content\/uploads\/2026\/04\/WhatsApp-Image-2026-04-26-at-10.44.32-1024x768.jpeg\" alt=\"Zwei Personen rudern in einem schmalen Boot auf einem ruhigen See, der von gr\u00fcnen H\u00fcgeln und Bergen umgeben ist, unter einem klaren Himmel.\" class=\"wp-image-22687\" srcset=\"https:\/\/www.ister.at\/Ister1\/wp-content\/uploads\/2026\/04\/WhatsApp-Image-2026-04-26-at-10.44.32-1024x768.jpeg 1024w, https:\/\/www.ister.at\/Ister1\/wp-content\/uploads\/2026\/04\/WhatsApp-Image-2026-04-26-at-10.44.32-300x225.jpeg 300w, https:\/\/www.ister.at\/Ister1\/wp-content\/uploads\/2026\/04\/WhatsApp-Image-2026-04-26-at-10.44.32-768x576.jpeg 768w, https:\/\/www.ister.at\/Ister1\/wp-content\/uploads\/2026\/04\/WhatsApp-Image-2026-04-26-at-10.44.32-1536x1152.jpeg 1536w, https:\/\/www.ister.at\/Ister1\/wp-content\/uploads\/2026\/04\/WhatsApp-Image-2026-04-26-at-10.44.32-160x120.jpeg 160w, https:\/\/www.ister.at\/Ister1\/wp-content\/uploads\/2026\/04\/WhatsApp-Image-2026-04-26-at-10.44.32.jpeg 1600w\" sizes=\"auto, (max-width: 1024px) 100vw, 1024px\" \/><\/a><figcaption class=\"wp-element-caption\">Caro &amp; Eva<\/figcaption><\/figure>\n\n\n\n<figure class=\"wp-block-image size-large\"><a href=\"https:\/\/www.ister.at\/Ister1\/wp-content\/uploads\/2026\/04\/682000044_2854737218210633_1900618328719741058_n.jpg\" rel=\"lightbox[22685]\"><img loading=\"lazy\" decoding=\"async\" width=\"771\" height=\"1024\" data-id=\"22691\" src=\"https:\/\/www.ister.at\/Ister1\/wp-content\/uploads\/2026\/04\/682000044_2854737218210633_1900618328719741058_n-771x1024.jpg\" alt=\"Vier Erwachsene stehen zusammen auf einer sonnigen Wiese mit B\u00e4umen im Hintergrund. Eine Frau ist barfu\u00df, l\u00e4chelt und h\u00e4lt einer anderen Frau etwas hin. Alle wirken fr\u00f6hlich und in ein Gespr\u00e4ch vertieft.\" class=\"wp-image-22691\" srcset=\"https:\/\/www.ister.at\/Ister1\/wp-content\/uploads\/2026\/04\/682000044_2854737218210633_1900618328719741058_n-771x1024.jpg 771w, https:\/\/www.ister.at\/Ister1\/wp-content\/uploads\/2026\/04\/682000044_2854737218210633_1900618328719741058_n-226x300.jpg 226w, https:\/\/www.ister.at\/Ister1\/wp-content\/uploads\/2026\/04\/682000044_2854737218210633_1900618328719741058_n-768x1020.jpg 768w, https:\/\/www.ister.at\/Ister1\/wp-content\/uploads\/2026\/04\/682000044_2854737218210633_1900618328719741058_n-1157x1536.jpg 1157w, https:\/\/www.ister.at\/Ister1\/wp-content\/uploads\/2026\/04\/682000044_2854737218210633_1900618328719741058_n.jpg 1536w\" sizes=\"auto, (max-width: 771px) 100vw, 771px\" \/><\/a><\/figure>\n\n\n\n<figure class=\"wp-block-image size-large\"><a href=\"https:\/\/www.ister.at\/Ister1\/wp-content\/uploads\/2026\/04\/IMG_4017-scaled.jpg\" rel=\"lightbox[22685]\"><img loading=\"lazy\" decoding=\"async\" width=\"1024\" height=\"683\" data-id=\"22697\" src=\"https:\/\/www.ister.at\/Ister1\/wp-content\/uploads\/2026\/04\/IMG_4017-1024x683.jpg\" alt=\"\" class=\"wp-image-22697\" srcset=\"https:\/\/www.ister.at\/Ister1\/wp-content\/uploads\/2026\/04\/IMG_4017-1024x683.jpg 1024w, https:\/\/www.ister.at\/Ister1\/wp-content\/uploads\/2026\/04\/IMG_4017-300x200.jpg 300w, https:\/\/www.ister.at\/Ister1\/wp-content\/uploads\/2026\/04\/IMG_4017-768x512.jpg 768w, https:\/\/www.ister.at\/Ister1\/wp-content\/uploads\/2026\/04\/IMG_4017-1536x1024.jpg 1536w, https:\/\/www.ister.at\/Ister1\/wp-content\/uploads\/2026\/04\/IMG_4017-2048x1365.jpg 2048w, https:\/\/www.ister.at\/Ister1\/wp-content\/uploads\/2026\/04\/IMG_4017-840x560.jpg 840w\" sizes=\"auto, (max-width: 1024px) 100vw, 1024px\" \/><\/a><figcaption class=\"wp-element-caption\">Foto: Rudolf Gmeinbauer<\/figcaption><\/figure>\n<\/figure>\n\n\n\n<p>Im Mixed 2x \u00fcber 10 km kam es dabei zu einer spontanen Umbesetzung: Antonis Gitsas sprang kurzfristig ein und bildete gemeinsam mit Lena Leiter (ebenfalls DHO) ein neu zusammengesetztes Boot. Urspr\u00fcnglich w\u00e4re Jeff Campbell als Partner vorgesehen gewesen, dieser musste jedoch parallel eine Gruppe von Nachwuchssportlern von IST und OTT nach Bled begleiten, wo ein sehr erfolgreicher Regattaauftritt gelang. Ein bekanntes D\u00e9j\u00e0-vu f\u00fcr Antonis, genau wie 2015 mit Peter Christensen bei seiner ersten Regatta \u00fcberhaupt, ebenfalls am Mondsee.<\/p>\n\n\n\n<figure class=\"wp-block-gallery has-nested-images columns-default is-cropped wp-block-gallery-2 is-layout-flex wp-block-gallery-is-layout-flex\">\n<figure class=\"wp-block-image size-large\"><a href=\"https:\/\/www.ister.at\/Ister1\/wp-content\/uploads\/2026\/04\/681364563_2854404248243930_873698967837925795_n.jpg\" rel=\"lightbox[22685]\"><img loading=\"lazy\" decoding=\"async\" width=\"1024\" height=\"688\" data-id=\"22689\" src=\"https:\/\/www.ister.at\/Ister1\/wp-content\/uploads\/2026\/04\/681364563_2854404248243930_873698967837925795_n-1024x688.jpg\" alt=\"Zwei M\u00e4nner in wei\u00dfen Hemden rudern gemeinsam in einem Doppelzweierboot auf ruhigem Wasser, l\u00e4cheln und genie\u00dfen die Aktivit\u00e4t an einem sonnigen Tag. Im Hintergrund sind Docks und B\u00e4ume zu sehen.\" class=\"wp-image-22689\" srcset=\"https:\/\/www.ister.at\/Ister1\/wp-content\/uploads\/2026\/04\/681364563_2854404248243930_873698967837925795_n-1024x688.jpg 1024w, https:\/\/www.ister.at\/Ister1\/wp-content\/uploads\/2026\/04\/681364563_2854404248243930_873698967837925795_n-300x201.jpg 300w, https:\/\/www.ister.at\/Ister1\/wp-content\/uploads\/2026\/04\/681364563_2854404248243930_873698967837925795_n-768x516.jpg 768w, https:\/\/www.ister.at\/Ister1\/wp-content\/uploads\/2026\/04\/681364563_2854404248243930_873698967837925795_n-1536x1031.jpg 1536w, https:\/\/www.ister.at\/Ister1\/wp-content\/uploads\/2026\/04\/681364563_2854404248243930_873698967837925795_n-120x80.jpg 120w, https:\/\/www.ister.at\/Ister1\/wp-content\/uploads\/2026\/04\/681364563_2854404248243930_873698967837925795_n.jpg 2048w\" sizes=\"auto, (max-width: 1024px) 100vw, 1024px\" \/><\/a><figcaption class=\"wp-element-caption\">Antonis &amp; Lena<br>Foto: Rudolf Gmeinbauer<\/figcaption><\/figure>\n\n\n\n<figure class=\"wp-block-image size-large\"><a href=\"https:\/\/www.ister.at\/Ister1\/wp-content\/uploads\/2026\/04\/681218091_2854404304910591_6993590952550999714_n.jpg\" rel=\"lightbox[22685]\"><img loading=\"lazy\" decoding=\"async\" width=\"1024\" height=\"683\" data-id=\"22688\" src=\"https:\/\/www.ister.at\/Ister1\/wp-content\/uploads\/2026\/04\/681218091_2854404304910591_6993590952550999714_n-1024x683.jpg\" alt=\"Zwei Personen stehen l\u00e4chelnd im Freien und tragen Medaillen an gelben B\u00e4ndern um den Hals. Der Mann auf der linken Seite hat seinen Arm um die Frau auf der rechten Seite gelegt. Im Hintergrund sind B\u00e4ume und Gras zu sehen.\" class=\"wp-image-22688\" srcset=\"https:\/\/www.ister.at\/Ister1\/wp-content\/uploads\/2026\/04\/681218091_2854404304910591_6993590952550999714_n-1024x683.jpg 1024w, https:\/\/www.ister.at\/Ister1\/wp-content\/uploads\/2026\/04\/681218091_2854404304910591_6993590952550999714_n-300x200.jpg 300w, https:\/\/www.ister.at\/Ister1\/wp-content\/uploads\/2026\/04\/681218091_2854404304910591_6993590952550999714_n-768x512.jpg 768w, https:\/\/www.ister.at\/Ister1\/wp-content\/uploads\/2026\/04\/681218091_2854404304910591_6993590952550999714_n-1536x1024.jpg 1536w, https:\/\/www.ister.at\/Ister1\/wp-content\/uploads\/2026\/04\/681218091_2854404304910591_6993590952550999714_n-840x560.jpg 840w, https:\/\/www.ister.at\/Ister1\/wp-content\/uploads\/2026\/04\/681218091_2854404304910591_6993590952550999714_n-120x80.jpg 120w, https:\/\/www.ister.at\/Ister1\/wp-content\/uploads\/2026\/04\/681218091_2854404304910591_6993590952550999714_n-360x240.jpg 360w, https:\/\/www.ister.at\/Ister1\/wp-content\/uploads\/2026\/04\/681218091_2854404304910591_6993590952550999714_n-600x400.jpg 600w, https:\/\/www.ister.at\/Ister1\/wp-content\/uploads\/2026\/04\/681218091_2854404304910591_6993590952550999714_n.jpg 2048w\" sizes=\"auto, (max-width: 1024px) 100vw, 1024px\" \/><\/a><figcaption class=\"wp-element-caption\">Foto: Rudolf Gmeinbauer<\/figcaption><\/figure>\n<\/figure>\n\n\n\n<p>Das Starterfeld konnte sich sehen lassen: 58 Doppelzweier und ein Zweier ohne auf der 10- und 20-km-Strecke. Auf der Strecke selbst funktionierte die Zusammenarbeit in beiden Booten hervorragend, und sie absolvierten die Strecke bei optimalen Bedingungen mit leichtem Wind und zwei Bojenwenden souver\u00e4n. Der SpeedCoach zeigte \u00fcber 10 Kilometer nur wenige Meter Abdrift, und mit einem Navigationspunkt namens &#8222;Gugelhupf-Berg&#8220; konnte nichts schiefgehen. Der echte Gugelhupf am Ende hat hervorragend geschmeckt. Die Holzmedaillen erinnerten heuer an den Einbaum vom Mondsee, der fr\u00fcher eine traditionelle Art war, den See zum Arbeiten oder zur Freizeit zu befahren.<\/p>\n\n\n\n<figure class=\"wp-block-gallery has-nested-images columns-default is-cropped wp-block-gallery-3 is-layout-flex wp-block-gallery-is-layout-flex\">\n<figure class=\"wp-block-image size-large\"><a href=\"https:\/\/www.ister.at\/Ister1\/wp-content\/uploads\/2026\/04\/682729850_2854404338243921_6265432679546699270_n.jpg\" rel=\"lightbox[22685]\"><img loading=\"lazy\" decoding=\"async\" width=\"1024\" height=\"683\" data-id=\"22693\" src=\"https:\/\/www.ister.at\/Ister1\/wp-content\/uploads\/2026\/04\/682729850_2854404338243921_6265432679546699270_n-1024x683.jpg\" alt=\"Eine gro\u00dfe Gruppe von Menschen, viele in Sportkleidung, versammelt sich an einem sonnigen Tag vor einem Bootshaus. Einige unterhalten sich, w\u00e4hrend andere ihre Ausr\u00fcstung vorbereiten oder an einem Tisch einchecken. \u00dcber dem Eingang des Bootshauses sind Ruder angebracht.\" class=\"wp-image-22693\" srcset=\"https:\/\/www.ister.at\/Ister1\/wp-content\/uploads\/2026\/04\/682729850_2854404338243921_6265432679546699270_n-1024x683.jpg 1024w, https:\/\/www.ister.at\/Ister1\/wp-content\/uploads\/2026\/04\/682729850_2854404338243921_6265432679546699270_n-300x200.jpg 300w, https:\/\/www.ister.at\/Ister1\/wp-content\/uploads\/2026\/04\/682729850_2854404338243921_6265432679546699270_n-768x512.jpg 768w, https:\/\/www.ister.at\/Ister1\/wp-content\/uploads\/2026\/04\/682729850_2854404338243921_6265432679546699270_n-1536x1024.jpg 1536w, https:\/\/www.ister.at\/Ister1\/wp-content\/uploads\/2026\/04\/682729850_2854404338243921_6265432679546699270_n-840x560.jpg 840w, https:\/\/www.ister.at\/Ister1\/wp-content\/uploads\/2026\/04\/682729850_2854404338243921_6265432679546699270_n-120x80.jpg 120w, https:\/\/www.ister.at\/Ister1\/wp-content\/uploads\/2026\/04\/682729850_2854404338243921_6265432679546699270_n-360x240.jpg 360w, https:\/\/www.ister.at\/Ister1\/wp-content\/uploads\/2026\/04\/682729850_2854404338243921_6265432679546699270_n-600x400.jpg 600w, https:\/\/www.ister.at\/Ister1\/wp-content\/uploads\/2026\/04\/682729850_2854404338243921_6265432679546699270_n.jpg 2048w\" sizes=\"auto, (max-width: 1024px) 100vw, 1024px\" \/><\/a><\/figure>\n\n\n\n<figure class=\"wp-block-image size-large\"><a href=\"https:\/\/www.ister.at\/Ister1\/wp-content\/uploads\/2026\/04\/683196761_2854404091577279_285502230508966689_n.jpg\" rel=\"lightbox[22685]\"><img loading=\"lazy\" decoding=\"async\" width=\"1024\" height=\"768\" data-id=\"22694\" src=\"https:\/\/www.ister.at\/Ister1\/wp-content\/uploads\/2026\/04\/683196761_2854404091577279_285502230508966689_n-1024x768.jpg\" alt=\"Menschen rudern in kleinen Booten auf einem ruhigen See mit sanftem Wellengang, umgeben von gr\u00fcnen H\u00fcgeln und einem hohen Berg im Hintergrund unter einem klaren blauen Himmel.\" class=\"wp-image-22694\" srcset=\"https:\/\/www.ister.at\/Ister1\/wp-content\/uploads\/2026\/04\/683196761_2854404091577279_285502230508966689_n-1024x768.jpg 1024w, https:\/\/www.ister.at\/Ister1\/wp-content\/uploads\/2026\/04\/683196761_2854404091577279_285502230508966689_n-300x225.jpg 300w, https:\/\/www.ister.at\/Ister1\/wp-content\/uploads\/2026\/04\/683196761_2854404091577279_285502230508966689_n-768x576.jpg 768w, https:\/\/www.ister.at\/Ister1\/wp-content\/uploads\/2026\/04\/683196761_2854404091577279_285502230508966689_n-1536x1152.jpg 1536w, https:\/\/www.ister.at\/Ister1\/wp-content\/uploads\/2026\/04\/683196761_2854404091577279_285502230508966689_n-160x120.jpg 160w, https:\/\/www.ister.at\/Ister1\/wp-content\/uploads\/2026\/04\/683196761_2854404091577279_285502230508966689_n.jpg 1600w\" sizes=\"auto, (max-width: 1024px) 100vw, 1024px\" \/><\/a><\/figure>\n\n\n\n<figure class=\"wp-block-image size-large\"><a href=\"https:\/\/www.ister.at\/Ister1\/wp-content\/uploads\/2026\/04\/681918181_2854403904910631_2470286995435957815_n.jpg\" rel=\"lightbox[22685]\"><img loading=\"lazy\" decoding=\"async\" width=\"771\" height=\"1024\" data-id=\"22690\" src=\"https:\/\/www.ister.at\/Ister1\/wp-content\/uploads\/2026\/04\/681918181_2854403904910631_2470286995435957815_n-771x1024.jpg\" alt=\"Eine Goldmedaille mit blau-gelber Schleife h\u00e4ngt vor einem See. Im Hintergrund sind Segelboote, ein h\u00f6lzerner Steg, ein Sprungturm mit der Aufschrift Alpenseebad Mondsee und ferne Berge unter einem klaren blauen Himmel zu sehen.\" class=\"wp-image-22690\" srcset=\"https:\/\/www.ister.at\/Ister1\/wp-content\/uploads\/2026\/04\/681918181_2854403904910631_2470286995435957815_n-771x1024.jpg 771w, https:\/\/www.ister.at\/Ister1\/wp-content\/uploads\/2026\/04\/681918181_2854403904910631_2470286995435957815_n-226x300.jpg 226w, https:\/\/www.ister.at\/Ister1\/wp-content\/uploads\/2026\/04\/681918181_2854403904910631_2470286995435957815_n-768x1020.jpg 768w, https:\/\/www.ister.at\/Ister1\/wp-content\/uploads\/2026\/04\/681918181_2854403904910631_2470286995435957815_n-1157x1536.jpg 1157w, https:\/\/www.ister.at\/Ister1\/wp-content\/uploads\/2026\/04\/681918181_2854403904910631_2470286995435957815_n.jpg 1542w\" sizes=\"auto, (max-width: 771px) 100vw, 771px\" \/><\/a><\/figure>\n<\/figure>\n\n\n\n<p>Die Mondsee Langstreckenregatta bleibt alle zwei Jahre ein Fixpunkt im Kalender und \u00fcberzeugt durch Organisation, Atmosph\u00e4re und sportliche Qualit\u00e4t. Danke an Martin Wandl, Franz Fritsch, und das gesamte RCMO Team!<br>Zum Abschluss ein stilles Gedenken an Florian Schneeberger (1971\u20132026).<br><br><a href=\"https:\/\/www.ister.at\/Ister1\/wp-content\/uploads\/2026\/04\/Mondsee-Langstrecke-2026.pdf\">Hier<\/a> geht&#8217;s zu den Ergebnissen!<\/p>\n<div class=\"love\"><input  id=\"post_22685\" type=\"checkbox\" class=\"LoveCheck\"\/>\n                <label for=\"post_22685\" class=\"dashicons dashicons-heart LoveLabel\" aria-label=\"like this\"><\/label><span class=\"LoveCount\">0<\/span><\/div><!--\/love-->","protected":false},"excerpt":{"rendered":"<p>0 Bericht: Antonis Gitsas Zwei Masters-Boote mit Ister-Beteiligung nahmen am 25. April an der diesj\u00e4hrigen Mondsee Zweier-Langstreckenregatta teil und sorgten trotz kurzer gemeinsamer Vorbereitung f\u00fcr starke Ergebnisse. Ein starkes Deb\u00fct gelang Caro P\u00f6chlauer, die gleichzeitig[&#8230;]<\/p>\n","protected":false},"author":3,"featured_media":22692,"comment_status":"open","ping_status":"open","sticky":false,"template":"","format":"standard","meta":{"_monsterinsights_skip_tracking":false,"_monsterinsights_sitenote_active":false,"_monsterinsights_sitenote_note":"","_monsterinsights_sitenote_category":0,"footnotes":""},"categories":[4],"tags":[],"class_list":["post-22685","post","type-post","status-publish","format-standard","has-post-thumbnail","hentry","category-rennsport"],"_links":{"self":[{"href":"https:\/\/www.ister.at\/Ister1\/index.php?rest_route=\/wp\/v2\/posts\/22685","targetHints":{"allow":["GET"]}}],"collection":[{"href":"https:\/\/www.ister.at\/Ister1\/index.php?rest_route=\/wp\/v2\/posts"}],"about":[{"href":"https:\/\/www.ister.at\/Ister1\/index.php?rest_route=\/wp\/v2\/types\/post"}],"author":[{"embeddable":true,"href":"https:\/\/www.ister.at\/Ister1\/index.php?rest_route=\/wp\/v2\/users\/3"}],"replies":[{"embeddable":true,"href":"https:\/\/www.ister.at\/Ister1\/index.php?rest_route=%2Fwp%2Fv2%2Fcomments&post=22685"}],"version-history":[{"count":24,"href":"https:\/\/www.ister.at\/Ister1\/index.php?rest_route=\/wp\/v2\/posts\/22685\/revisions"}],"predecessor-version":[{"id":22752,"href":"https:\/\/www.ister.at\/Ister1\/index.php?rest_route=\/wp\/v2\/posts\/22685\/revisions\/22752"}],"wp:featuredmedia":[{"embeddable":true,"href":"https:\/\/www.ister.at\/Ister1\/index.php?rest_route=\/wp\/v2\/media\/22692"}],"wp:attachment":[{"href":"https:\/\/www.ister.at\/Ister1\/index.php?rest_route=%2Fwp%2Fv2%2Fmedia&parent=22685"}],"wp:term":[{"taxonomy":"category","embeddable":true,"href":"https:\/\/www.ister.at\/Ister1\/index.php?rest_route=%2Fwp%2Fv2%2Fcategories&post=22685"},{"taxonomy":"post_tag","embeddable":true,"href":"https:\/\/www.ister.at\/Ister1\/index.php?rest_route=%2Fwp%2Fv2%2Ftags&post=22685"}],"curies":[{"name":"wp","href":"https:\/\/api.w.org\/{rel}","templated":true}]}}