{"id":22275,"date":"2025-10-17T09:42:59","date_gmt":"2025-10-17T07:42:59","guid":{"rendered":"https:\/\/www.ister.at\/Ister1\/?p=22275"},"modified":"2025-10-26T16:56:07","modified_gmt":"2025-10-26T15:56:07","slug":"coastal-europameisterschaft-spannung-und-bronze","status":"publish","type":"post","link":"https:\/\/www.ister.at\/Ister1\/?p=22275","title":{"rendered":"Coastal Europameisterschaft &#8211; Spannung und Bronze!"},"content":{"rendered":"<div class=\"love\"><input  id=\"post_22275\" type=\"checkbox\" class=\"LoveCheck\"\/>\n                <label for=\"post_22275\" class=\"dashicons dashicons-heart LoveLabel\" aria-label=\"like this\"><\/label><span class=\"LoveCount\">4<\/span><\/div><!--\/love-->\n<figure class=\"wp-block-image size-large\"><a href=\"https:\/\/www.ister.at\/Ister1\/wp-content\/uploads\/2025\/10\/MK_Coastal.jpeg\" rel=\"lightbox[22275]\"><img loading=\"lazy\" decoding=\"async\" width=\"1024\" height=\"619\" src=\"https:\/\/www.ister.at\/Ister1\/wp-content\/uploads\/2025\/10\/MK_Coastal-1024x619.jpeg\" alt=\"\" class=\"wp-image-22276\" srcset=\"https:\/\/www.ister.at\/Ister1\/wp-content\/uploads\/2025\/10\/MK_Coastal-1024x619.jpeg 1024w, https:\/\/www.ister.at\/Ister1\/wp-content\/uploads\/2025\/10\/MK_Coastal-300x181.jpeg 300w, https:\/\/www.ister.at\/Ister1\/wp-content\/uploads\/2025\/10\/MK_Coastal-768x465.jpeg 768w, https:\/\/www.ister.at\/Ister1\/wp-content\/uploads\/2025\/10\/MK_Coastal.jpeg 1440w\" sizes=\"auto, (max-width: 1024px) 100vw, 1024px\" \/><\/a><\/figure>\n\n\n\n<p class=\"has-text-align-right has-small-font-size\"><strong>Bericht: Jeffrey Campbell<br>Fotocredit: World Rowing, \u00d6RV<\/strong><\/p>\n\n\n\n<p>Letztes Wochenende waren zehn Athlet*innen aus \u00d6sterreich in Antalya, T\u00fcrkiye, bei den European Rowing Beach Sprints.  Unser \u00d6RV-Team, sowie der LRV Ister, hat guten Grund, stolz zu sein.  In dieser wachsenden und spannenden Sportart waren hochkar\u00e4tige Sportler*innen am Start.  Von den drei Medaillen, die nach \u00d6sterreich gingen, wurde eine von unserer Juniorin <strong>Marlene K\u00fchr<\/strong> ergattert!  In einer spannenden Rennserie im KO-System konnte sie sich am Sonntag gegen starke Konkurrenz aus Gro\u00dfbritanien und Spanien durchsetzen und belegte den hervorragenden 3. Platz. Herzliche Gratulation!<\/p>\n\n\n\n<figure class=\"wp-block-image size-large\"><a href=\"https:\/\/www.ister.at\/Ister1\/wp-content\/uploads\/2025\/10\/marl_med.png\" rel=\"lightbox[22275]\"><img loading=\"lazy\" decoding=\"async\" width=\"821\" height=\"1024\" src=\"https:\/\/www.ister.at\/Ister1\/wp-content\/uploads\/2025\/10\/marl_med-821x1024.png\" alt=\"\" class=\"wp-image-22291\" srcset=\"https:\/\/www.ister.at\/Ister1\/wp-content\/uploads\/2025\/10\/marl_med-821x1024.png 821w, https:\/\/www.ister.at\/Ister1\/wp-content\/uploads\/2025\/10\/marl_med-241x300.png 241w, https:\/\/www.ister.at\/Ister1\/wp-content\/uploads\/2025\/10\/marl_med-768x958.png 768w, https:\/\/www.ister.at\/Ister1\/wp-content\/uploads\/2025\/10\/marl_med.png 851w\" sizes=\"auto, (max-width: 821px) 100vw, 821px\" \/><\/a><\/figure>\n\n\n\n<p>Nach einer starken Leistung beim Time Trial zeigte Marlene ihre eisernen Nerven und ihren Biss in der Knockout-Phase, wo sie viel Zeit durch ihre technische St\u00e4rke gewinnen konnte.  Die Zuschauer kamen auch auf ihre Kosten, nicht nur weil das Panorama so sch\u00f6n waren,  sondern weil die F\u00fchrung oft wechselte, dies auch auf der kurzen Distanz.  Hier konnte Marlene einen k\u00fchlen Kopf bewahren, und es hat sich gelohnt.<\/p>\n\n\n\n<figure class=\"wp-block-gallery has-nested-images columns-default is-cropped wp-block-gallery-1 is-layout-flex wp-block-gallery-is-layout-flex\">\n<figure class=\"wp-block-image size-large\"><a href=\"https:\/\/www.ister.at\/Ister1\/wp-content\/uploads\/2025\/10\/DSC_8775-1-scaled.jpg\" rel=\"lightbox[22275]\"><img loading=\"lazy\" decoding=\"async\" width=\"1024\" height=\"683\" data-id=\"22284\" src=\"https:\/\/www.ister.at\/Ister1\/wp-content\/uploads\/2025\/10\/DSC_8775-1-1024x683.jpg\" alt=\"\" class=\"wp-image-22284\" srcset=\"https:\/\/www.ister.at\/Ister1\/wp-content\/uploads\/2025\/10\/DSC_8775-1-1024x683.jpg 1024w, https:\/\/www.ister.at\/Ister1\/wp-content\/uploads\/2025\/10\/DSC_8775-1-300x200.jpg 300w, https:\/\/www.ister.at\/Ister1\/wp-content\/uploads\/2025\/10\/DSC_8775-1-768x512.jpg 768w, https:\/\/www.ister.at\/Ister1\/wp-content\/uploads\/2025\/10\/DSC_8775-1-1536x1024.jpg 1536w, https:\/\/www.ister.at\/Ister1\/wp-content\/uploads\/2025\/10\/DSC_8775-1-2048x1365.jpg 2048w, https:\/\/www.ister.at\/Ister1\/wp-content\/uploads\/2025\/10\/DSC_8775-1-840x560.jpg 840w, https:\/\/www.ister.at\/Ister1\/wp-content\/uploads\/2025\/10\/DSC_8775-1-120x80.jpg 120w, https:\/\/www.ister.at\/Ister1\/wp-content\/uploads\/2025\/10\/DSC_8775-1-360x240.jpg 360w, https:\/\/www.ister.at\/Ister1\/wp-content\/uploads\/2025\/10\/DSC_8775-1-600x400.jpg 600w\" sizes=\"auto, (max-width: 1024px) 100vw, 1024px\" \/><\/a><\/figure>\n\n\n\n<figure class=\"wp-block-image size-large\"><a href=\"https:\/\/www.ister.at\/Ister1\/wp-content\/uploads\/2025\/10\/Wende-1.png\" rel=\"lightbox[22275]\"><img loading=\"lazy\" decoding=\"async\" width=\"1024\" height=\"391\" data-id=\"22282\" src=\"https:\/\/www.ister.at\/Ister1\/wp-content\/uploads\/2025\/10\/Wende-1-1024x391.png\" alt=\"\" class=\"wp-image-22282\" srcset=\"https:\/\/www.ister.at\/Ister1\/wp-content\/uploads\/2025\/10\/Wende-1-1024x391.png 1024w, https:\/\/www.ister.at\/Ister1\/wp-content\/uploads\/2025\/10\/Wende-1-300x115.png 300w, https:\/\/www.ister.at\/Ister1\/wp-content\/uploads\/2025\/10\/Wende-1-768x293.png 768w, https:\/\/www.ister.at\/Ister1\/wp-content\/uploads\/2025\/10\/Wende-1.png 1286w\" sizes=\"auto, (max-width: 1024px) 100vw, 1024px\" \/><\/a><\/figure>\n<\/figure>\n\n\n\n<p>Auch bemerkenswert beim Livestream war der k\u00f6rperliche Einsatz der Bootsh\u00e4ndler*innen &#8211; der gewaltige Startschub war der auff\u00e4lligste Beweis, dass ein gut eingespieltes Team hier auch f\u00fcr den Erfolg entscheidend sein kann. Somit war der Beitrag von <strong>Justus Gschaider<\/strong> auch sichtbar, auch wenn er diesmal nicht im Boot gesessen ist. <\/p>\n\n\n\n<p>Jetzt k\u00f6nnen wir auf die Weltmeisterschaft gespannt bleiben &#8211; vom 6. &#8211; 9. November in Mangavat, T\u00fcrkiye, ist Marlene wieder dabei.  Wir halten die Daumen und freuen uns auf weitere spannende Momente zum Mitfiebern!<\/p>\n\n\n\n<p><\/p>\n<div class=\"love\"><input  id=\"post_22275\" type=\"checkbox\" class=\"LoveCheck\"\/>\n                <label for=\"post_22275\" class=\"dashicons dashicons-heart LoveLabel\" aria-label=\"like this\"><\/label><span class=\"LoveCount\">4<\/span><\/div><!--\/love-->","protected":false},"excerpt":{"rendered":"<p>4 Bericht: Jeffrey CampbellFotocredit: World Rowing, \u00d6RV Letztes Wochenende waren zehn Athlet*innen aus \u00d6sterreich in Antalya, T\u00fcrkiye, bei den European Rowing Beach Sprints. Unser \u00d6RV-Team, sowie der LRV Ister, hat guten Grund, stolz zu sein.[&#8230;]<\/p>\n","protected":false},"author":10,"featured_media":22276,"comment_status":"open","ping_status":"open","sticky":false,"template":"","format":"standard","meta":{"_monsterinsights_skip_tracking":false,"_monsterinsights_sitenote_active":false,"_monsterinsights_sitenote_note":"","_monsterinsights_sitenote_category":0,"footnotes":""},"categories":[1,4],"tags":[],"class_list":["post-22275","post","type-post","status-publish","format-standard","has-post-thumbnail","hentry","category-allgemein","category-rennsport"],"_links":{"self":[{"href":"https:\/\/www.ister.at\/Ister1\/index.php?rest_route=\/wp\/v2\/posts\/22275","targetHints":{"allow":["GET"]}}],"collection":[{"href":"https:\/\/www.ister.at\/Ister1\/index.php?rest_route=\/wp\/v2\/posts"}],"about":[{"href":"https:\/\/www.ister.at\/Ister1\/index.php?rest_route=\/wp\/v2\/types\/post"}],"author":[{"embeddable":true,"href":"https:\/\/www.ister.at\/Ister1\/index.php?rest_route=\/wp\/v2\/users\/10"}],"replies":[{"embeddable":true,"href":"https:\/\/www.ister.at\/Ister1\/index.php?rest_route=%2Fwp%2Fv2%2Fcomments&post=22275"}],"version-history":[{"count":5,"href":"https:\/\/www.ister.at\/Ister1\/index.php?rest_route=\/wp\/v2\/posts\/22275\/revisions"}],"predecessor-version":[{"id":22343,"href":"https:\/\/www.ister.at\/Ister1\/index.php?rest_route=\/wp\/v2\/posts\/22275\/revisions\/22343"}],"wp:featuredmedia":[{"embeddable":true,"href":"https:\/\/www.ister.at\/Ister1\/index.php?rest_route=\/wp\/v2\/media\/22276"}],"wp:attachment":[{"href":"https:\/\/www.ister.at\/Ister1\/index.php?rest_route=%2Fwp%2Fv2%2Fmedia&parent=22275"}],"wp:term":[{"taxonomy":"category","embeddable":true,"href":"https:\/\/www.ister.at\/Ister1\/index.php?rest_route=%2Fwp%2Fv2%2Fcategories&post=22275"},{"taxonomy":"post_tag","embeddable":true,"href":"https:\/\/www.ister.at\/Ister1\/index.php?rest_route=%2Fwp%2Fv2%2Ftags&post=22275"}],"curies":[{"name":"wp","href":"https:\/\/api.w.org\/{rel}","templated":true}]}}