{"id":14847,"date":"2018-01-21T10:44:19","date_gmt":"2018-01-21T09:44:19","guid":{"rendered":"http:\/\/www.ister.at\/?p=14847"},"modified":"2018-01-21T18:55:31","modified_gmt":"2018-01-21T17:55:31","slug":"siegesfeier-und-jahresabschluss","status":"publish","type":"post","link":"https:\/\/www.ister.at\/Ister1\/?p=14847","title":{"rendered":"Siegesfeier und Jahresabschluss"},"content":{"rendered":"<div class=\"love\"><input  id=\"post_14847\" type=\"checkbox\" class=\"LoveCheck\"\/>\n                <label for=\"post_14847\" class=\"dashicons dashicons-heart LoveLabel\" aria-label=\"like this\"><\/label><span class=\"LoveCount\">0<\/span><\/div><!--\/love--><p>Der Jahresabschluss und die Siegesfeier 2017 wurden am Freitag, dem 19. J\u00e4nner 2018 in w\u00fcrdigem Rahmen in unsere Klubr\u00e4umen am Winterhafen gefeiert.<\/p>\n<p>Dem sich schon Restaurantqualit\u00e4t n\u00e4hernden K\u00fcchenteam um Stefan Rozoporka sei Dank, war f\u00fcr ein tolles rustikales Buffet gesorgt.\u00a0 K\u00e4se und Kuchen als Nachspeise rundeten diesen Kulinarischen Leckerbissen ab.<\/p>\n<p>Pr\u00e4sident <strong>Mag. Heimo Hinterer<\/strong> er\u00f6ffnete mit Kurzen Worten den Abend und \u00fcbergab an Rennsportwart <strong>Ing. Karl \u00d6llinger<\/strong>.<\/p>\n<h3>RENNSPORT:<\/h3>\n<p>Bei der Vorstellung des Rennteams, startend von den Sch\u00fclern bis zur Allgemeinen Klasse und dem Mastersteam , wurde f\u00fcr jeden Athleten und Athletin die erfolgreichsten Ergebnisse des Rennjahres 2017 erw\u00e4hnt.\u00a0 Dabei schlug f\u00fcr das Team 61 Siege zu Buche.\u00a0 Der Bogen dieser erfolgreichen Rennen spannte sich dabei von der \u00f6sterreichischen Indoormeisterschaft zu den nationalen Regatten in Salzburg, Ottensheim, Klagenfurt, &#8230; \u00fcber internationale Rennen in Zagreb und Bled zum Weletcup in Poznan und Luzern, den Europameisterschaften der Junioren in Krefeld und der Senioren in Racice, den Weltmeisterschaften der Junioren in Trakai, unz\u00e4hligen Rennen der Masterscrew, dem Bundesligaachter der Frauen und endete bei den \u00f6sterreichischen Staatsmeisterschaften in Ottensheim.<\/p>\n<p>Die Trainercrew unter <strong>Head Coach Phil Stekl<\/strong> und <strong>Philumena Bauer<\/strong> hatten in diesem Jahr neue Unterst\u00fctzung durch unser Mitglied <strong>Niklas Krabb<\/strong> erfahren.\u00a0 Willkommen im Team.<\/p>\n<figure id=\"attachment_14863\" aria-describedby=\"caption-attachment-14863\" style=\"width: 300px\" class=\"wp-caption aligncenter\"><a href=\"https:\/\/www.ister.at\/Ister1\/wp-content\/uploads\/2018\/01\/2017_siegesfeier_001.jpg\" rel=\"lightbox[14847]\"><img loading=\"lazy\" decoding=\"async\" class=\"wp-image-14863 size-medium\" src=\"https:\/\/www.ister.at\/Ister1\/wp-content\/uploads\/2018\/01\/2017_siegesfeier_001-300x200.jpg\" alt=\"\" width=\"300\" height=\"200\" srcset=\"https:\/\/www.ister.at\/Ister1\/wp-content\/uploads\/2018\/01\/2017_siegesfeier_001-300x200.jpg 300w, https:\/\/www.ister.at\/Ister1\/wp-content\/uploads\/2018\/01\/2017_siegesfeier_001-768x511.jpg 768w, https:\/\/www.ister.at\/Ister1\/wp-content\/uploads\/2018\/01\/2017_siegesfeier_001-1024x681.jpg 1024w, https:\/\/www.ister.at\/Ister1\/wp-content\/uploads\/2018\/01\/2017_siegesfeier_001-840x560.jpg 840w, https:\/\/www.ister.at\/Ister1\/wp-content\/uploads\/2018\/01\/2017_siegesfeier_001-120x80.jpg 120w, https:\/\/www.ister.at\/Ister1\/wp-content\/uploads\/2018\/01\/2017_siegesfeier_001-360x240.jpg 360w, https:\/\/www.ister.at\/Ister1\/wp-content\/uploads\/2018\/01\/2017_siegesfeier_001-600x400.jpg 600w, https:\/\/www.ister.at\/Ister1\/wp-content\/uploads\/2018\/01\/2017_siegesfeier_001.jpg 1200w\" sizes=\"auto, (max-width: 300px) 100vw, 300px\" \/><\/a><figcaption id=\"caption-attachment-14863\" class=\"wp-caption-text\">Sch\u00fclerteam<\/figcaption><\/figure>\n<figure id=\"attachment_14864\" aria-describedby=\"caption-attachment-14864\" style=\"width: 300px\" class=\"wp-caption aligncenter\"><a href=\"https:\/\/www.ister.at\/Ister1\/wp-content\/uploads\/2018\/01\/2017_siegesfeier_002.jpg\" rel=\"lightbox[14847]\"><img loading=\"lazy\" decoding=\"async\" class=\"wp-image-14864 size-medium\" src=\"https:\/\/www.ister.at\/Ister1\/wp-content\/uploads\/2018\/01\/2017_siegesfeier_002-300x200.jpg\" alt=\"\" width=\"300\" height=\"200\" srcset=\"https:\/\/www.ister.at\/Ister1\/wp-content\/uploads\/2018\/01\/2017_siegesfeier_002-300x200.jpg 300w, https:\/\/www.ister.at\/Ister1\/wp-content\/uploads\/2018\/01\/2017_siegesfeier_002-768x511.jpg 768w, https:\/\/www.ister.at\/Ister1\/wp-content\/uploads\/2018\/01\/2017_siegesfeier_002-1024x681.jpg 1024w, https:\/\/www.ister.at\/Ister1\/wp-content\/uploads\/2018\/01\/2017_siegesfeier_002-840x560.jpg 840w, https:\/\/www.ister.at\/Ister1\/wp-content\/uploads\/2018\/01\/2017_siegesfeier_002-120x80.jpg 120w, https:\/\/www.ister.at\/Ister1\/wp-content\/uploads\/2018\/01\/2017_siegesfeier_002-360x240.jpg 360w, https:\/\/www.ister.at\/Ister1\/wp-content\/uploads\/2018\/01\/2017_siegesfeier_002-600x400.jpg 600w, https:\/\/www.ister.at\/Ister1\/wp-content\/uploads\/2018\/01\/2017_siegesfeier_002.jpg 1200w\" sizes=\"auto, (max-width: 300px) 100vw, 300px\" \/><\/a><figcaption id=\"caption-attachment-14864\" class=\"wp-caption-text\">Frauenteam<\/figcaption><\/figure>\n<figure id=\"attachment_14865\" aria-describedby=\"caption-attachment-14865\" style=\"width: 300px\" class=\"wp-caption aligncenter\"><a href=\"https:\/\/www.ister.at\/Ister1\/wp-content\/uploads\/2018\/01\/2017_siegesfeier_003.jpg\" rel=\"lightbox[14847]\"><img loading=\"lazy\" decoding=\"async\" class=\"wp-image-14865 size-medium\" src=\"https:\/\/www.ister.at\/Ister1\/wp-content\/uploads\/2018\/01\/2017_siegesfeier_003-300x200.jpg\" alt=\"\" width=\"300\" height=\"200\" srcset=\"https:\/\/www.ister.at\/Ister1\/wp-content\/uploads\/2018\/01\/2017_siegesfeier_003-300x200.jpg 300w, https:\/\/www.ister.at\/Ister1\/wp-content\/uploads\/2018\/01\/2017_siegesfeier_003-768x511.jpg 768w, https:\/\/www.ister.at\/Ister1\/wp-content\/uploads\/2018\/01\/2017_siegesfeier_003-1024x681.jpg 1024w, https:\/\/www.ister.at\/Ister1\/wp-content\/uploads\/2018\/01\/2017_siegesfeier_003-840x560.jpg 840w, https:\/\/www.ister.at\/Ister1\/wp-content\/uploads\/2018\/01\/2017_siegesfeier_003-120x80.jpg 120w, https:\/\/www.ister.at\/Ister1\/wp-content\/uploads\/2018\/01\/2017_siegesfeier_003-360x240.jpg 360w, https:\/\/www.ister.at\/Ister1\/wp-content\/uploads\/2018\/01\/2017_siegesfeier_003-600x400.jpg 600w, https:\/\/www.ister.at\/Ister1\/wp-content\/uploads\/2018\/01\/2017_siegesfeier_003.jpg 1200w\" sizes=\"auto, (max-width: 300px) 100vw, 300px\" \/><\/a><figcaption id=\"caption-attachment-14865\" class=\"wp-caption-text\">Juniorenteam<\/figcaption><\/figure>\n<figure id=\"attachment_14866\" aria-describedby=\"caption-attachment-14866\" style=\"width: 300px\" class=\"wp-caption aligncenter\"><a href=\"https:\/\/www.ister.at\/Ister1\/wp-content\/uploads\/2018\/01\/2017_siegesfeier_004.jpg\" rel=\"lightbox[14847]\"><img loading=\"lazy\" decoding=\"async\" class=\"wp-image-14866 size-medium\" src=\"https:\/\/www.ister.at\/Ister1\/wp-content\/uploads\/2018\/01\/2017_siegesfeier_004-300x200.jpg\" alt=\"\" width=\"300\" height=\"200\" srcset=\"https:\/\/www.ister.at\/Ister1\/wp-content\/uploads\/2018\/01\/2017_siegesfeier_004-300x200.jpg 300w, https:\/\/www.ister.at\/Ister1\/wp-content\/uploads\/2018\/01\/2017_siegesfeier_004-768x511.jpg 768w, https:\/\/www.ister.at\/Ister1\/wp-content\/uploads\/2018\/01\/2017_siegesfeier_004-1024x681.jpg 1024w, https:\/\/www.ister.at\/Ister1\/wp-content\/uploads\/2018\/01\/2017_siegesfeier_004-840x560.jpg 840w, https:\/\/www.ister.at\/Ister1\/wp-content\/uploads\/2018\/01\/2017_siegesfeier_004-120x80.jpg 120w, https:\/\/www.ister.at\/Ister1\/wp-content\/uploads\/2018\/01\/2017_siegesfeier_004-360x240.jpg 360w, https:\/\/www.ister.at\/Ister1\/wp-content\/uploads\/2018\/01\/2017_siegesfeier_004-600x400.jpg 600w, https:\/\/www.ister.at\/Ister1\/wp-content\/uploads\/2018\/01\/2017_siegesfeier_004.jpg 1200w\" sizes=\"auto, (max-width: 300px) 100vw, 300px\" \/><\/a><figcaption id=\"caption-attachment-14866\" class=\"wp-caption-text\">Masters Captain Robert und VU Captain Gerald<\/figcaption><\/figure>\n<p>Unser Aush\u00e4ngeschild in der allgemeinen Klasse, <strong>Birgit P\u00fchringer<\/strong> konnte dabei mit dem von <strong>Jutta Huemer und ihrem Unternehmen \u00a0<span style=\"color: #ffcc00;\"><a style=\"color: #ffcc00;\" href=\"http:\/\/www.friseur-juhu.at\/\" target=\"_blank\" rel=\"noopener\">Friseur <span style=\"color: #000000;\">juhu <\/span><\/a>\u00a0&#8211;\u00a0<\/span><\/strong>gesponserten Einer bei nicht weniger als 37 Rennen gleich 16 Mal den Siegespodest betreten und bei den \u00d6sterreichischen Meisterschaften im Einer den zweiten Platz erreichte.<\/p>\n<figure id=\"attachment_14871\" aria-describedby=\"caption-attachment-14871\" style=\"width: 300px\" class=\"wp-caption aligncenter\"><a href=\"http:\/\/www.friseur-juhu.at\/\" target=\"_blank\" rel=\"noopener\"><img loading=\"lazy\" decoding=\"async\" class=\"wp-image-14871 size-medium\" src=\"https:\/\/www.ister.at\/Ister1\/wp-content\/uploads\/2018\/01\/2017_siegesfeier_009-300x200.jpg\" alt=\"\" width=\"300\" height=\"200\" srcset=\"https:\/\/www.ister.at\/Ister1\/wp-content\/uploads\/2018\/01\/2017_siegesfeier_009-300x200.jpg 300w, https:\/\/www.ister.at\/Ister1\/wp-content\/uploads\/2018\/01\/2017_siegesfeier_009-768x511.jpg 768w, https:\/\/www.ister.at\/Ister1\/wp-content\/uploads\/2018\/01\/2017_siegesfeier_009-1024x681.jpg 1024w, https:\/\/www.ister.at\/Ister1\/wp-content\/uploads\/2018\/01\/2017_siegesfeier_009-840x560.jpg 840w, https:\/\/www.ister.at\/Ister1\/wp-content\/uploads\/2018\/01\/2017_siegesfeier_009-120x80.jpg 120w, https:\/\/www.ister.at\/Ister1\/wp-content\/uploads\/2018\/01\/2017_siegesfeier_009-360x240.jpg 360w, https:\/\/www.ister.at\/Ister1\/wp-content\/uploads\/2018\/01\/2017_siegesfeier_009-600x400.jpg 600w, https:\/\/www.ister.at\/Ister1\/wp-content\/uploads\/2018\/01\/2017_siegesfeier_009.jpg 1200w\" sizes=\"auto, (max-width: 300px) 100vw, 300px\" \/><\/a><figcaption id=\"caption-attachment-14871\" class=\"wp-caption-text\">Sponsor Jutta Huemer mit Birgit<\/figcaption><\/figure>\n<p>Nicht weniger aktiv unser st\u00e4rkster Junior <strong>Gabriel Stekl<\/strong>, der mit seinem\u00a0<strong>\u00a0<\/strong>von der Firma<strong> <span style=\"color: #99cc00;\"><a style=\"color: #99cc00;\" href=\"http:\/\/www.eder.at\/\" target=\"_blank\" rel=\"noopener\">Matten EDER<\/a><\/span>\u00a0 <\/strong>gesponserten Boot<strong> &#8220;\u00a0<a href=\"http:\/\/www.eder.at\/\" target=\"_blank\" rel=\"noopener\"><span style=\"color: #99cc00;\">matmaker<\/span> <\/a>&#8220; <\/strong>bei 32 nationalen und internationalen Starts mit 14 Siegen und dem <strong>\u00d6sterreichischen Junioren Meistertitel<\/strong> im Einer die Saison erfolgreich beendete.<\/p>\n<p><strong><a href=\"http:\/\/www.eder.at\/\" target=\"_blank\" rel=\"noopener\"><img loading=\"lazy\" decoding=\"async\" class=\"aligncenter size-medium wp-image-13618\" src=\"https:\/\/www.ister.at\/Ister1\/wp-content\/uploads\/2017\/01\/Eder-300x173.jpg\" alt=\"\" width=\"300\" height=\"173\" srcset=\"https:\/\/www.ister.at\/Ister1\/wp-content\/uploads\/2017\/01\/Eder-300x173.jpg 300w, https:\/\/www.ister.at\/Ister1\/wp-content\/uploads\/2017\/01\/Eder.jpg 445w\" sizes=\"auto, (max-width: 300px) 100vw, 300px\" \/><\/a> <a href=\"http:\/\/www.eder.at\/\" target=\"_blank\" rel=\"noopener\"><img loading=\"lazy\" decoding=\"async\" class=\"aligncenter size-medium wp-image-13619\" src=\"https:\/\/www.ister.at\/Ister1\/wp-content\/uploads\/2017\/01\/Eder-300x86.png\" alt=\"\" width=\"300\" height=\"86\" srcset=\"https:\/\/www.ister.at\/Ister1\/wp-content\/uploads\/2017\/01\/Eder-300x86.png 300w, https:\/\/www.ister.at\/Ister1\/wp-content\/uploads\/2017\/01\/Eder.png 329w\" sizes=\"auto, (max-width: 300px) 100vw, 300px\" \/><\/a><\/strong><br \/>\n<strong>Gabriel<\/strong> bedankte sich mit pers\u00f6nlichen Worten f\u00fcr die Unterst\u00fctzung durch den Verein, insbesondere seines Sponsors\u00a0<strong><span style=\"color: #99cc00;\"><a style=\"color: #99cc00;\" href=\"http:\/\/www.eder.at\/\" target=\"_blank\" rel=\"noopener\">Matten EDER<\/a><\/span>\u00a0 <\/strong>und seines Trainers und Vaters <strong>Phil Stekl.<\/strong><\/p>\n<p>Besonders zu erw\u00e4hnen ist es, dass das gesamte Rennteam 2017 aus <strong>54 Frauen und M\u00e4nnern<\/strong> der Klassen Sch\u00fclerInnen bis Masters E bestand.\u00a0 Von diesem Team wurden bei <strong>38 Bewerben <\/strong>insgesamt<strong> 203 Rennen<\/strong> bestritten und erreichte dabei <strong>61 Siege<\/strong>.<\/p>\n<h3>BREITENSPORT:<\/h3>\n<p>In gewohnter Manier \u00fcbernahm <strong>Oberbootmann Gerhard Rauscher<\/strong> die Aufgabe einen R\u00fcckblick \u00fcber das Wanderruderjahr 2017 zu geben.\u00a0 Anschlie\u00dfend wurden die Kilometerpreistr\u00e4ger\u00a0 mit Urkunden und Pokalen geehrt.\u00a0 Das Siegteam des Leistungstages, <strong>Bernd Rechberger, Stefan Rozporka, Franz Hauschmidt und Elke Nigl-Eder<\/strong> konnte sich ebenfalls \u00fcber eine Pokal freuen.<\/p>\n<figure id=\"attachment_14867\" aria-describedby=\"caption-attachment-14867\" style=\"width: 300px\" class=\"wp-caption aligncenter\"><img loading=\"lazy\" decoding=\"async\" class=\"wp-image-14867 size-medium\" src=\"https:\/\/www.ister.at\/Ister1\/wp-content\/uploads\/2018\/01\/2017_siegesfeier_005-300x200.jpg\" alt=\"\" width=\"300\" height=\"200\" srcset=\"https:\/\/www.ister.at\/Ister1\/wp-content\/uploads\/2018\/01\/2017_siegesfeier_005-300x200.jpg 300w, https:\/\/www.ister.at\/Ister1\/wp-content\/uploads\/2018\/01\/2017_siegesfeier_005-768x511.jpg 768w, https:\/\/www.ister.at\/Ister1\/wp-content\/uploads\/2018\/01\/2017_siegesfeier_005-1024x681.jpg 1024w, https:\/\/www.ister.at\/Ister1\/wp-content\/uploads\/2018\/01\/2017_siegesfeier_005-840x560.jpg 840w, https:\/\/www.ister.at\/Ister1\/wp-content\/uploads\/2018\/01\/2017_siegesfeier_005-120x80.jpg 120w, https:\/\/www.ister.at\/Ister1\/wp-content\/uploads\/2018\/01\/2017_siegesfeier_005-360x240.jpg 360w, https:\/\/www.ister.at\/Ister1\/wp-content\/uploads\/2018\/01\/2017_siegesfeier_005-600x400.jpg 600w, https:\/\/www.ister.at\/Ister1\/wp-content\/uploads\/2018\/01\/2017_siegesfeier_005.jpg 1200w\" sizes=\"auto, (max-width: 300px) 100vw, 300px\" \/><figcaption id=\"caption-attachment-14867\" class=\"wp-caption-text\">Kilometer und Leistungstag Preistr\u00e4ger<\/figcaption><\/figure>\n<p>Nach dem offiziellen Teil wurde das von Stefan, Martin, Christina, Vera, &#8230; selbst bereitete Buffet er\u00f6ffnet.<\/p>\n<p><a href=\"https:\/\/www.ister.at\/Ister1\/wp-content\/uploads\/2018\/01\/2017_siegesfeier_006.jpg\" rel=\"lightbox[14847]\"><img loading=\"lazy\" decoding=\"async\" class=\"aligncenter size-medium wp-image-14868\" src=\"https:\/\/www.ister.at\/Ister1\/wp-content\/uploads\/2018\/01\/2017_siegesfeier_006-200x300.jpg\" alt=\"\" width=\"200\" height=\"300\" srcset=\"https:\/\/www.ister.at\/Ister1\/wp-content\/uploads\/2018\/01\/2017_siegesfeier_006-200x300.jpg 200w, https:\/\/www.ister.at\/Ister1\/wp-content\/uploads\/2018\/01\/2017_siegesfeier_006-768x1155.jpg 768w, https:\/\/www.ister.at\/Ister1\/wp-content\/uploads\/2018\/01\/2017_siegesfeier_006-681x1024.jpg 681w, https:\/\/www.ister.at\/Ister1\/wp-content\/uploads\/2018\/01\/2017_siegesfeier_006.jpg 798w\" sizes=\"auto, (max-width: 200px) 100vw, 200px\" \/><\/a><\/p>\n<p><a href=\"https:\/\/www.ister.at\/Ister1\/wp-content\/uploads\/2018\/01\/2017_siegesfeier_007.jpg\" rel=\"lightbox[14847]\"><img loading=\"lazy\" decoding=\"async\" class=\"aligncenter size-medium wp-image-14869\" src=\"https:\/\/www.ister.at\/Ister1\/wp-content\/uploads\/2018\/01\/2017_siegesfeier_007-300x200.jpg\" alt=\"\" width=\"300\" height=\"200\" srcset=\"https:\/\/www.ister.at\/Ister1\/wp-content\/uploads\/2018\/01\/2017_siegesfeier_007-300x200.jpg 300w, https:\/\/www.ister.at\/Ister1\/wp-content\/uploads\/2018\/01\/2017_siegesfeier_007-768x511.jpg 768w, https:\/\/www.ister.at\/Ister1\/wp-content\/uploads\/2018\/01\/2017_siegesfeier_007-1024x681.jpg 1024w, https:\/\/www.ister.at\/Ister1\/wp-content\/uploads\/2018\/01\/2017_siegesfeier_007-840x560.jpg 840w, https:\/\/www.ister.at\/Ister1\/wp-content\/uploads\/2018\/01\/2017_siegesfeier_007-120x80.jpg 120w, https:\/\/www.ister.at\/Ister1\/wp-content\/uploads\/2018\/01\/2017_siegesfeier_007-360x240.jpg 360w, https:\/\/www.ister.at\/Ister1\/wp-content\/uploads\/2018\/01\/2017_siegesfeier_007-600x400.jpg 600w, https:\/\/www.ister.at\/Ister1\/wp-content\/uploads\/2018\/01\/2017_siegesfeier_007.jpg 1200w\" sizes=\"auto, (max-width: 300px) 100vw, 300px\" \/><\/a><\/p>\n<p><a href=\"https:\/\/www.ister.at\/Ister1\/wp-content\/uploads\/2018\/01\/2017_siegesfeier_008.jpg\" rel=\"lightbox[14847]\"><img loading=\"lazy\" decoding=\"async\" class=\"aligncenter size-medium wp-image-14870\" src=\"https:\/\/www.ister.at\/Ister1\/wp-content\/uploads\/2018\/01\/2017_siegesfeier_008-300x200.jpg\" alt=\"\" width=\"300\" height=\"200\" srcset=\"https:\/\/www.ister.at\/Ister1\/wp-content\/uploads\/2018\/01\/2017_siegesfeier_008-300x200.jpg 300w, https:\/\/www.ister.at\/Ister1\/wp-content\/uploads\/2018\/01\/2017_siegesfeier_008-768x511.jpg 768w, https:\/\/www.ister.at\/Ister1\/wp-content\/uploads\/2018\/01\/2017_siegesfeier_008-1024x681.jpg 1024w, https:\/\/www.ister.at\/Ister1\/wp-content\/uploads\/2018\/01\/2017_siegesfeier_008-840x560.jpg 840w, https:\/\/www.ister.at\/Ister1\/wp-content\/uploads\/2018\/01\/2017_siegesfeier_008-120x80.jpg 120w, https:\/\/www.ister.at\/Ister1\/wp-content\/uploads\/2018\/01\/2017_siegesfeier_008-360x240.jpg 360w, https:\/\/www.ister.at\/Ister1\/wp-content\/uploads\/2018\/01\/2017_siegesfeier_008-600x400.jpg 600w, https:\/\/www.ister.at\/Ister1\/wp-content\/uploads\/2018\/01\/2017_siegesfeier_008.jpg 1200w\" sizes=\"auto, (max-width: 300px) 100vw, 300px\" \/><\/a><\/p>\n<p>Weiter Fotos findet ihr auf unserer <a href=\"http:\/\/fotos.ister.at\/Ister\" target=\"_blank\" rel=\"noopener\">Fotoseite<\/a>!<\/p>\n<div class=\"love\"><input  id=\"post_14847\" type=\"checkbox\" class=\"LoveCheck\"\/>\n                <label for=\"post_14847\" class=\"dashicons dashicons-heart LoveLabel\" aria-label=\"like this\"><\/label><span class=\"LoveCount\">0<\/span><\/div><!--\/love-->","protected":false},"excerpt":{"rendered":"<p>0Der Jahresabschluss und die Siegesfeier 2017 wurden am Freitag, dem 19. J\u00e4nner 2018 in w\u00fcrdigem Rahmen in unsere Klubr\u00e4umen am Winterhafen gefeiert. Dem sich schon Restaurantqualit\u00e4t n\u00e4hernden K\u00fcchenteam um Stefan Rozoporka sei Dank, war f\u00fcr[&#8230;]<\/p>\n","protected":false},"author":2,"featured_media":14867,"comment_status":"open","ping_status":"open","sticky":false,"template":"","format":"standard","meta":{"_monsterinsights_skip_tracking":false,"_monsterinsights_sitenote_active":false,"_monsterinsights_sitenote_note":"","_monsterinsights_sitenote_category":0,"footnotes":""},"categories":[1,5,4],"tags":[],"class_list":["post-14847","post","type-post","status-publish","format-standard","has-post-thumbnail","hentry","category-allgemein","category-breitensport","category-rennsport"],"_links":{"self":[{"href":"https:\/\/www.ister.at\/Ister1\/index.php?rest_route=\/wp\/v2\/posts\/14847","targetHints":{"allow":["GET"]}}],"collection":[{"href":"https:\/\/www.ister.at\/Ister1\/index.php?rest_route=\/wp\/v2\/posts"}],"about":[{"href":"https:\/\/www.ister.at\/Ister1\/index.php?rest_route=\/wp\/v2\/types\/post"}],"author":[{"embeddable":true,"href":"https:\/\/www.ister.at\/Ister1\/index.php?rest_route=\/wp\/v2\/users\/2"}],"replies":[{"embeddable":true,"href":"https:\/\/www.ister.at\/Ister1\/index.php?rest_route=%2Fwp%2Fv2%2Fcomments&post=14847"}],"version-history":[{"count":8,"href":"https:\/\/www.ister.at\/Ister1\/index.php?rest_route=\/wp\/v2\/posts\/14847\/revisions"}],"predecessor-version":[{"id":14882,"href":"https:\/\/www.ister.at\/Ister1\/index.php?rest_route=\/wp\/v2\/posts\/14847\/revisions\/14882"}],"wp:featuredmedia":[{"embeddable":true,"href":"https:\/\/www.ister.at\/Ister1\/index.php?rest_route=\/wp\/v2\/media\/14867"}],"wp:attachment":[{"href":"https:\/\/www.ister.at\/Ister1\/index.php?rest_route=%2Fwp%2Fv2%2Fmedia&parent=14847"}],"wp:term":[{"taxonomy":"category","embeddable":true,"href":"https:\/\/www.ister.at\/Ister1\/index.php?rest_route=%2Fwp%2Fv2%2Fcategories&post=14847"},{"taxonomy":"post_tag","embeddable":true,"href":"https:\/\/www.ister.at\/Ister1\/index.php?rest_route=%2Fwp%2Fv2%2Ftags&post=14847"}],"curies":[{"name":"wp","href":"https:\/\/api.w.org\/{rel}","templated":true}]}}