{"id":10734,"date":"2015-09-14T14:26:36","date_gmt":"2015-09-14T12:26:36","guid":{"rendered":"http:\/\/www.ister.at\/?p=10734"},"modified":"2015-09-15T15:38:12","modified_gmt":"2015-09-15T13:38:12","slug":"58-sechs-laender-jugend-vergleichskampf-in-maribor","status":"publish","type":"post","link":"https:\/\/www.ister.at\/Ister1\/?p=10734","title":{"rendered":"58. Sechs L\u00e4nder Jugend Vergleichskampf in Maribor"},"content":{"rendered":"<div class=\"love\"><input  id=\"post_10734\" type=\"checkbox\" class=\"LoveCheck\"\/>\n                <label for=\"post_10734\" class=\"dashicons dashicons-heart LoveLabel\" aria-label=\"like this\"><\/label><span class=\"LoveCount\">0<\/span><\/div><!--\/love--><p>Zu diesem j\u00e4hrlich ausgetragenen Vergleichskampf der Regionen Ober\u00f6sterreich, K\u00e4rnten, Slowenien, Istrien, Venetien und Friaul-Venetien konnte sich unser Boot &#8222;Fantastic Four&#8220; mit <strong>Paul Seyringer, Adrian Reininger, Gabriel Stekl und Benjamin Hefner<\/strong> in der Klasse Jugend 16 als Riemen Vierer ohne qualifizieren.<\/p>\n<p><a href=\"https:\/\/www.ister.at\/Ister1\/wp-content\/uploads\/2015\/09\/2015_maribor_339.jpg\" rel=\"lightbox[10734]\"><img loading=\"lazy\" decoding=\"async\" class=\"aligncenter size-medium wp-image-10786\" src=\"https:\/\/www.ister.at\/Ister1\/wp-content\/uploads\/2015\/09\/2015_maribor_339-201x300.jpg\" alt=\"2015_maribor_339\" width=\"201\" height=\"300\" srcset=\"https:\/\/www.ister.at\/Ister1\/wp-content\/uploads\/2015\/09\/2015_maribor_339-201x300.jpg 201w, https:\/\/www.ister.at\/Ister1\/wp-content\/uploads\/2015\/09\/2015_maribor_339-685x1024.jpg 685w, https:\/\/www.ister.at\/Ister1\/wp-content\/uploads\/2015\/09\/2015_maribor_339.jpg 1200w\" sizes=\"auto, (max-width: 201px) 100vw, 201px\" \/><\/a><\/p>\n<p>Am 12.09.2015 wurde dieses Unternehmen auf dem Drau Stausee in Bresternica gestartet. \u00a0Die Strecke befindet sich in leichtem Flie\u00dfwasser und enth\u00e4lt kein Albano System, zudem befindet sich auf ca. halber Strecke ein leichter Knick. \u00a0Der leichte Gegenwind bei den Rennen brachte keine Benachteiligung der Mannschaften. \u00a0Unser Team\u00a0kam mit einem guten Start sofort ins Rennen. \u00a0Es wurde ein leichter Vorsprung errudert, welcher \u00fcber die gesamte Strecke auf eine L\u00e4nge ausgebaut werden konnte. \u00a0Unser Team errang\u00a0so den Sieg f\u00fcr Ober\u00f6sterreich.<\/p>\n<p>Hier geht es zu den <a href=\"http:\/\/www.ister.at\/?page_id=8954\">Ergebnissen<\/a>!<\/p>\n<p><a href=\"https:\/\/www.ister.at\/Ister1\/wp-content\/uploads\/2015\/09\/2015_maribor_343.jpg\" rel=\"lightbox[10734]\"><img loading=\"lazy\" decoding=\"async\" class=\"aligncenter size-medium wp-image-10784\" src=\"https:\/\/www.ister.at\/Ister1\/wp-content\/uploads\/2015\/09\/2015_maribor_343-300x201.jpg\" alt=\"2015_maribor_343\" width=\"300\" height=\"201\" srcset=\"https:\/\/www.ister.at\/Ister1\/wp-content\/uploads\/2015\/09\/2015_maribor_343-300x201.jpg 300w, https:\/\/www.ister.at\/Ister1\/wp-content\/uploads\/2015\/09\/2015_maribor_343-1024x685.jpg 1024w, https:\/\/www.ister.at\/Ister1\/wp-content\/uploads\/2015\/09\/2015_maribor_343-120x80.jpg 120w, https:\/\/www.ister.at\/Ister1\/wp-content\/uploads\/2015\/09\/2015_maribor_343.jpg 1200w\" sizes=\"auto, (max-width: 300px) 100vw, 300px\" \/><\/a><\/p>\n<p><a href=\"https:\/\/www.ister.at\/Ister1\/wp-content\/uploads\/2015\/09\/2015_maribor_342.jpg\" rel=\"lightbox[10734]\"><img loading=\"lazy\" decoding=\"async\" class=\"aligncenter size-medium wp-image-10783\" src=\"https:\/\/www.ister.at\/Ister1\/wp-content\/uploads\/2015\/09\/2015_maribor_342-300x201.jpg\" alt=\"2015_maribor_342\" width=\"300\" height=\"201\" srcset=\"https:\/\/www.ister.at\/Ister1\/wp-content\/uploads\/2015\/09\/2015_maribor_342-300x201.jpg 300w, https:\/\/www.ister.at\/Ister1\/wp-content\/uploads\/2015\/09\/2015_maribor_342-1024x685.jpg 1024w, https:\/\/www.ister.at\/Ister1\/wp-content\/uploads\/2015\/09\/2015_maribor_342-120x80.jpg 120w, https:\/\/www.ister.at\/Ister1\/wp-content\/uploads\/2015\/09\/2015_maribor_342.jpg 1200w\" sizes=\"auto, (max-width: 300px) 100vw, 300px\" \/><\/a><\/p>\n<div class=\"love\"><input  id=\"post_10734\" type=\"checkbox\" class=\"LoveCheck\"\/>\n                <label for=\"post_10734\" class=\"dashicons dashicons-heart LoveLabel\" aria-label=\"like this\"><\/label><span class=\"LoveCount\">0<\/span><\/div><!--\/love-->","protected":false},"excerpt":{"rendered":"<p>0Zu diesem j\u00e4hrlich ausgetragenen Vergleichskampf der Regionen Ober\u00f6sterreich, K\u00e4rnten, Slowenien, Istrien, Venetien und Friaul-Venetien konnte sich unser Boot &#8222;Fantastic Four&#8220; mit Paul Seyringer, Adrian Reininger, Gabriel Stekl und Benjamin Hefner in der Klasse Jugend 16[&#8230;]<\/p>\n","protected":false},"author":2,"featured_media":10785,"comment_status":"open","ping_status":"open","sticky":false,"template":"","format":"standard","meta":{"_monsterinsights_skip_tracking":false,"footnotes":""},"categories":[4],"tags":[],"class_list":["post-10734","post","type-post","status-publish","format-standard","has-post-thumbnail","hentry","category-rennsport"],"_links":{"self":[{"href":"https:\/\/www.ister.at\/Ister1\/index.php?rest_route=\/wp\/v2\/posts\/10734","targetHints":{"allow":["GET"]}}],"collection":[{"href":"https:\/\/www.ister.at\/Ister1\/index.php?rest_route=\/wp\/v2\/posts"}],"about":[{"href":"https:\/\/www.ister.at\/Ister1\/index.php?rest_route=\/wp\/v2\/types\/post"}],"author":[{"embeddable":true,"href":"https:\/\/www.ister.at\/Ister1\/index.php?rest_route=\/wp\/v2\/users\/2"}],"replies":[{"embeddable":true,"href":"https:\/\/www.ister.at\/Ister1\/index.php?rest_route=%2Fwp%2Fv2%2Fcomments&post=10734"}],"version-history":[{"count":6,"href":"https:\/\/www.ister.at\/Ister1\/index.php?rest_route=\/wp\/v2\/posts\/10734\/revisions"}],"predecessor-version":[{"id":10790,"href":"https:\/\/www.ister.at\/Ister1\/index.php?rest_route=\/wp\/v2\/posts\/10734\/revisions\/10790"}],"wp:featuredmedia":[{"embeddable":true,"href":"https:\/\/www.ister.at\/Ister1\/index.php?rest_route=\/wp\/v2\/media\/10785"}],"wp:attachment":[{"href":"https:\/\/www.ister.at\/Ister1\/index.php?rest_route=%2Fwp%2Fv2%2Fmedia&parent=10734"}],"wp:term":[{"taxonomy":"category","embeddable":true,"href":"https:\/\/www.ister.at\/Ister1\/index.php?rest_route=%2Fwp%2Fv2%2Fcategories&post=10734"},{"taxonomy":"post_tag","embeddable":true,"href":"https:\/\/www.ister.at\/Ister1\/index.php?rest_route=%2Fwp%2Fv2%2Ftags&post=10734"}],"curies":[{"name":"wp","href":"https:\/\/api.w.org\/{rel}","templated":true}]}}